{"id":139,"date":"2019-02-06T09:36:35","date_gmt":"2019-02-06T08:36:35","guid":{"rendered":"https:\/\/blogg.nord.no\/didaktiskebetraktninger\/?p=139"},"modified":"2025-10-08T09:22:41","modified_gmt":"2025-10-08T07:22:41","slug":"formidling","status":"publish","type":"post","link":"https:\/\/site.nord.no\/didaktiskebetraktninger\/2019\/02\/06\/formidling\/","title":{"rendered":"Formidling"},"content":{"rendered":"\n<p>Jeg har helt siden jeg var IT-sjef s\u00f8kt \u00e5 n\u00e5 ut til kolleger, studenter og andre med mine tanker. Som IT-sjef benyttet jeg meg flittig av tidligere H\u00f8gskolen i Nesna sin interne skriftserie (<a href=\"https:\/\/app.cristin.no\/results\/show.jsf?id=618518\" data-type=\"link\" data-id=\"https:\/\/app.cristin.no\/results\/show.jsf?id=618518\" target=\"_blank\" rel=\"noreferrer noopener\"><em>Internett &#8211; noe for deg?<\/em><\/a> \/ <a href=\"https:\/\/app.cristin.no\/results\/show.jsf?id=618520\" data-type=\"link\" data-id=\"https:\/\/app.cristin.no\/results\/show.jsf?id=618520\" target=\"_blank\" rel=\"noreferrer noopener\"><em>IT &amp; juss : noe for deg : en innf\u00f8ring i noen av de lover og regler som ber\u00f8rer IT<\/em><\/a> \/ <a href=\"https:\/\/app.cristin.no\/results\/show.jsf?id=618519\" data-type=\"link\" data-id=\"https:\/\/app.cristin.no\/results\/show.jsf?id=618519\" target=\"_blank\" rel=\"noreferrer noopener\"><em>Internett-sikkerhet &#8211; noe for deg? : en innf\u00f8ring i noen av de sikkerhetsmessige og personvernrelaterte problemer med internett<\/em><\/a>), mens jeg som f\u00f8rstelektor har s\u00f8kt \u00e5 n\u00e5 bredere ut, b\u00e5de nasjonalt og internasjonalt. Denne \u00abmappen\u00bb fokuserer p\u00e5 mitt undervisnings- og veiledningsarbeid, og f\u00f8lgelig passer det \u00e5 avslutningsvis peke p\u00e5 et utvalg nasjonale og internasjonale publikasjoner der jeg blant annet behandler mine erfaringer fra ulike undervisningsfors\u00f8k.<\/p>\n\n\n\n<p>Men f\u00f8r jeg peker p\u00e5 publikasjoner direkte relatert til forskning p\u00e5 egen undervisning, vil jeg vise til f\u00f8lgende bokproduksjon:<\/p>\n\n\n\n<p><strong>A) B\u00f8ker<\/strong><br><strong>&#8211; Alene<\/strong>: <br>1. <a rel=\"noreferrer noopener\" href=\"https:\/\/depotbiblioteket.no\/cgi-bin\/m2?tnr=373665\" target=\"_blank\">Beslag og sikring av datautstyr : en enkel felth\u00e5ndbok<\/a>, <br>2. <a rel=\"noreferrer noopener\" href=\"https:\/\/www.ark.no\/boker\/Hillman-Cox-PC-sikkerhet-9788251917742\" target=\"_blank\">PC-sikkerhet &#8211; og mysteriet med de forsvunne filer<\/a> (<a rel=\"noreferrer noopener\" href=\"https:\/\/www.docdroid.net\/OhRbxAy\/attest-tapir-pdf\" target=\"_blank\"><strong>1<\/strong><\/a>).<\/p>\n\n\n\n<p><strong>&#8211; Sammen med andre<\/strong>: <br>1. <a href=\"https:\/\/www.universitetsforlaget.no\/excel-for-naeringslivet-1\" target=\"_blank\" rel=\"noreferrer noopener\">Excel for n\u00e6ringslivet<\/a>, <br>2. <a href=\"https:\/\/www.hertervigforlag.no\/produkt\/spillavhengighet\/\" target=\"_blank\" rel=\"noreferrer noopener\">Spillavhengighet &#8211; gaming og gambling<\/a>, <br>3. <a href=\"https:\/\/www.akademika.no\/teknologi\/data-og-informasjonsteknologi\/innforing-i-informasjonsteknologi\/9788251924276\" data-type=\"link\" data-id=\"https:\/\/www.akademika.no\/teknologi\/data-og-informasjonsteknologi\/innforing-i-informasjonsteknologi\/9788251924276\" target=\"_blank\" rel=\"noreferrer noopener\">Innf\u00f8ring i informasjonsteknologi<\/a>.<\/p>\n\n\n\n<p><\/p>\n\n\n\n<p><strong>B) Artikler<\/strong> <strong>basert p\u00e5 forskning p\u00e5 egen undervisning<\/strong><\/p>\n\n\n\n<ol class=\"wp-block-list\">\n<li><strong>\u00c5 bevisstgj\u00f8re informatikkstudenter deres rolle som fagpersoner og samfunnsborgere, og opp\u00f8ve deres etiske bevissthet, samt motivere dem for samfunnsinformatikkfaget<\/strong><br><br><strong>1<\/strong>. Godejord, Per Arne. (2008). <em><a rel=\"noreferrer noopener\" href=\"https:\/\/app.cristin.no\/results\/show.jsf?id=619341\" target=\"_blank\">Getting Involved: Perspectives on the Use of True Projects as Tools for Developing Ethical Thinking in Computer Science Students<\/a><\/em>, i International Journal of Technology and Human Interaction, Vol. 4, Issue 2 [<mark style=\"background-color:#fff\" class=\"has-inline-color has-bright-blue-color\">Niv\u00e5 1<\/mark>]<br><strong>2<\/strong>. Godejord, Per Arne. (2008).<em> <a rel=\"noreferrer noopener\" href=\"https:\/\/app.cristin.no\/results\/show.jsf?id=619332\" target=\"_blank\">Perspectives on Awareness Work in the Field of Sexual Abuse of Children in Digital Media<\/a>,<\/em> Child Sexual Abuse: Issues and Challenges, ISBN: 1-60021-999-3, Nova Science Publishers [<mark style=\"background-color:#fff\" class=\"has-inline-color has-bright-blue-color\">Niv\u00e5 1<\/mark>]<br><strong>3<\/strong>. Godejord, Beata, Godejord, Per Arne. (2008). <em><a rel=\"noreferrer noopener\" href=\"https:\/\/app.cristin.no\/results\/show.jsf?id=619551\" target=\"_blank\">Nowe obszarykommunikacyjne \u2013 nowewyzwaniadlaedukacji\/ New communication spaces \u2013 new educational risks<\/a><\/em>, i Social communication in virtual world, ISBN: 9788376111148, Adam Marsza\u0142ek Publishing House, 2008. [<mark style=\"background-color:#fff\" class=\"has-inline-color has-bright-blue-color\">Niv\u00e5 0<\/mark>]<br><strong>4<\/strong>. Godejord, Per Arne. (2007). <em><a rel=\"noreferrer noopener\" href=\"https:\/\/app.cristin.no\/results\/show.jsf?id=619317\" target=\"_blank\">Fighting child pornography: Exploring didactics and student engagement in social informatics<\/a><\/em>, i Journal of the American Society for Information Science and Technology, Volume 58, Issue 3 (<span style=\"color: #ff0000\">Tidsskrift nedlagt i 2013, var p\u00e5<\/span> <a rel=\"noopener\" href=\"https:\/\/kanalregister.hkdir.no\/publiseringskanaler\/KanalTidsskriftInfo.action?id=443873\" target=\"_blank\">Niv\u00e5 2<\/a>)<br><strong>5<\/strong>. Godejord, Per Arne. (2007). <em><a rel=\"noreferrer noopener\" href=\"https:\/\/app.cristin.no\/results\/show.jsf?id=619349\" target=\"_blank\">Perspectives on project based teaching and \u201cblended learning\u201d to develop ethical awareness in students<\/a><\/em>, i eLearning Papers N\u00ba 6 [<mark style=\"background-color:#fff\" class=\"has-inline-color has-bright-blue-color\">Niv\u00e5 1<\/mark>]<br><strong>6<\/strong>. Godejord, Per Arne. (2010). <em><a rel=\"noreferrer noopener\" href=\"https:\/\/app.cristin.no\/results\/show.jsf?id=786877\" target=\"_blank\">Teaching Ethics and Social Issues in the World of Web 2.0: Raising awareness of the dark side of the force<\/a><\/em>, i Towards a better school: International perspectives. Boise: Educational Research Consulting, ISBN 9780975872376, s. 31-42. (Fagfellevurdert, men ikke i DBH-listen) [<mark style=\"background-color:#fff\" class=\"has-inline-color has-bright-blue-color\">Niv\u00e5 0<\/mark>]<br><strong>7<\/strong>. Godejord, Per Arne. (2007). <em><a rel=\"noreferrer noopener\" href=\"https:\/\/nordopen.nord.no\/nord-xmlui\/bitstream\/handle\/11250\/145491\/2007_13.pdf?sequence=1&amp;isAllowed=y\" target=\"_blank\">G\u00c5 INN I DIN TID \u2013 Fra ide til handling<\/a><\/em>, i Kids and Internet \/ Barn og internett: A Polish-Norwegian look at the digital world of kids\/et polsk-norsk blikk p\u00e5 barn og unges digitale hverdag, Fredrikke, nr 13, 2007, Redakt\u00f8rer Godejord, Beata, Godejord, Per Arne (Prosjektrapport) [<mark style=\"background-color:#fff\" class=\"has-inline-color has-bright-blue-color\">Niv\u00e5 0<\/mark>]<br><strong>8<\/strong>. Godejord, Per Arne. (2006). <a rel=\"noreferrer noopener\" href=\"https:\/\/app.cristin.no\/results\/show.jsf?id=619184\" target=\"_blank\">E<em>xploring teacher methodology: using the example of sexual abuse of children as a way of teaching social informatics<\/em><\/a>, i ITICSE \u201906 Proceedings of the 11th annual SIGCSE conference on Innovation and technology in computer science education, Volume 38 Issue 3, Pages 340-340 [<mark style=\"background-color:#fff\" class=\"has-inline-color has-bright-blue-color\">Niv\u00e5 0<\/mark>]<br><mark style=\"background-color:#fff\" class=\"has-inline-color has-white-color\">.<\/mark><\/li>\n\n\n\n<li><strong>Fokus p\u00e5 hvordan \u00f8ke motivasjon for l\u00e6ring i asynkron nettundervisning i EVU-studier, hvordan \u00f8ke motivasjon for l\u00e6ring ved bruk av flipped classroom for f\u00f8rste \u00e5rs bachelorstudenter i Spill og opplevelsesteknologi og i Informasjonssystemer<br><\/strong><br><strong>1<\/strong>. Godejord, Per Arne, Godejord, Beata J. (2023). <em><a href=\"https:\/\/papers.academic-conferences.org\/index.php\/ecgbl\/article\/view\/1407\" data-type=\"link\" data-id=\"https:\/\/papers.academic-conferences.org\/index.php\/ecgbl\/article\/view\/1407\" target=\"_blank\" rel=\"noreferrer noopener\">Computer Games as a Pedagogical Tool for Creating Cyber Security Awareness<\/a><\/em> in Proceedings of the 17th European Conference on Games Based Learning \/ Academic Papers, Vol. 17, No. 1, 2023. [<mark style=\"background-color:#fff\" class=\"has-inline-color has-bright-blue-color\">Niv\u00e5 1<\/mark>]<br><strong>2<\/strong>. Godejord, Per Arne. (2022). <em><a href=\"https:\/\/app.cristin.no\/results\/show.jsf?id=2076292\" target=\"_blank\" rel=\"noreferrer noopener\">VIRTUAL TEAMS AS AN ARENA FOR LEARNING IN ONLINE EDUCATION &#8211; PERSPECTIVES FROM STUDENTS<\/a><\/em> in ICERI2022 Proceedings, ISBN: 978-84-09-45476-1. [<mark style=\"background-color:#fff\" class=\"has-inline-color has-bright-blue-color\">Niv\u00e5 1<\/mark>]<strong><br>3<\/strong>. Godejord, Beata, Godejord, Per Arne, Sigurdardottir, Helga. (2016). <em><a href=\"https:\/\/app.cristin.no\/results\/show.jsf?id=1379515\" target=\"_blank\" rel=\"noreferrer noopener\">Gamification: Beyond badges and competition<\/a><\/em>, i ICT in Educational Design \u2013 Process, Materials, Resources, Volume 10, p. 73-83, ISBN 978-83-7842-259-4. [<mark style=\"background-color:#fff\" class=\"has-inline-color has-bright-blue-color\">Niv\u00e5 1<\/mark>]<br><strong>4<\/strong>. Godejord, Per Arne. (2016). <em><a href=\"https:\/\/app.cristin.no\/results\/show.jsf?id=1379514\" target=\"_blank\" rel=\"noreferrer noopener\">Reaching Hearts and Minds \u2013 Exploring learning using blogs, wiki, twitter and walkthroughs<\/a><\/em>, i ICT in Educational Design \u2013 Process, Materials, Resources, Volume 10, p. 85-95 ISBN 978-83-7842-259-4. [<mark style=\"background-color:#fff\" class=\"has-inline-color has-bright-blue-color\">Niv\u00e5 1<\/mark>]<br><strong>5<\/strong>. Godejord, Per Arne. (2014). <em><a href=\"https:\/\/app.cristin.no\/results\/show.jsf?id=1169060\" target=\"_blank\" rel=\"noreferrer noopener\">The online classroom \u2013 Developing Learning Environments Using Project Work and Lecturing via Blogs and Wikis<\/a><\/em>, i ICT in Educational Design \u2013 Processes, Materials, Resources, pp. 107-118 \u2013 Vol. V, Oficyna Wydawnicza Uniwersytetu Zielonog\u00f3rskiego, Zielona G\u00f3ra, ISBN 978-83-7842-153-5. [<mark style=\"background-color:#fff\" class=\"has-inline-color has-bright-blue-color\">Niv\u00e5 1<\/mark>]<br><strong>6.<\/strong> Godejord, Per Arne. (2014). <em><a href=\"https:\/\/app.cristin.no\/results\/show.jsf?id=1169060\" target=\"_blank\" rel=\"noreferrer noopener\">The Online Classroom \u2013 Developing Learning Spaces Using Blogs, Wiki and Twitter<\/a><\/em>, i ICT in Educational Design \u2013 Processes, Materials, Resources, pp. 63-73, Oficyna Wydawnicza Uniwersytetu Zielonog\u00f3rski, ISBN 978-83-7842-111-5. [<mark style=\"background-color:#fff\" class=\"has-inline-color has-bright-blue-color\">Niv\u00e5 1<\/mark>]<br><strong>7<\/strong>. Godejord, Per Arne. (2013).<a href=\"https:\/\/app.cristin.no\/results\/show.jsf?id=1117568\" target=\"_blank\" rel=\"noreferrer noopener\"> <em>Education in the World of Web 2.0 \u2013 Exploring Project Based Learning and Web 2.0 tools in the online course of Social Informatics for Teachers<\/em>,<\/a> i ICT in Educational Design \u2013 Processes, Materials, Resources, pp. 63-73, Oficyna Wydawnicza Uniwersytetu Zielonog\u00f3rski, ISBN 978-83-7842-111-5. [<mark style=\"background-color:#fff\" class=\"has-inline-color has-bright-blue-color\">Niv\u00e5 1<\/mark>]<br><br><\/li>\n\n\n\n<li><strong>Fokus p\u00e5 hvordan mobilteknologi kan styrke elevers l\u00e6ring i matematikk i videreg\u00e5ende skole (EU-prosjekt)<br><br><\/strong>Denne bloggen er fokusert p\u00e5 min undervisningsforskning innen h\u00f8yere utdanning, men det var ved Hitra videreg\u00e5ende skole jeg gjorde de f\u00f8rste fors\u00f8k med &laquo;omvendt klasserom&raquo; og bruk av internettbaserte kommunikasjonsverkt\u00f8y, samt dataspill, for \u00f8ke motivasjonen for l\u00e6ring hos mine elever. Det g\u00e5r en r\u00f8d tr\u00e5d fra denne perioden (1999-2001) til min totale omlegging fra tradisjonell undervisning til studentsentrert undervisning i 2002 ved HiNe. Derfor anser jeg som relevant \u00e5 fremheve to artikler fra EU-prosjektet <a href=\"https:\/\/app.cristin.no\/projects\/show.jsf?id=506991\" target=\"_blank\" rel=\"noopener\">MILAGE<\/a>.<strong><br><br>1. <\/strong>Godejord, Beata Joanna; Godejord, Per Arne; Figueiredo, Mauro; Bostad, Rune. (2018). <a href=\"https:\/\/app.cristin.no\/results\/show.jsf?id=1668767\" target=\"_blank\" rel=\"noreferrer noopener\"><em>LEARNING AUGMENTED BY MOBILE TECHNOLOGY: THE CASE OF MILAGE LEARN+ MOBILE APP<\/em> in ICT<\/a> in educational design: processes, materials, resources: volume 12, ISBN 978-83-7842-364-5 [<mark style=\"background-color:#fff\" class=\"has-inline-color has-bright-blue-color\">Niv\u00e5 1<\/mark>]<br><strong>2. <\/strong>Godejord, Beata Joanna; Godejord, Per Arne; Bostad, Rune. (2017).<br><em><a href=\"https:\/\/app.cristin.no\/results\/show.jsf?id=1529771\" target=\"_blank\" rel=\"noreferrer noopener\">UBIQUITOUS TECHNOLOGY IN EDUCATION CONTEXT: AN EVALUATION OF A MOBILE LEARNING APPLICATION<\/a><\/em> in ICERI2017 Proceedings, ISBN 978-84-697-6957-7. [<mark style=\"background-color:#fff\" class=\"has-inline-color has-bright-blue-color\">Niv\u00e5 1<\/mark>]<\/li>\n<\/ol>\n\n\n\n<p><\/p>\n\n\n\n<p><strong>C) Blogger knyttet til min undervisning<\/strong><\/p>\n\n\n\n<p>Ellers har jeg pr\u00f8vd \u00e5 dele mine tanker om undervisning i blogger som<\/p>\n\n\n\n<p>1. <a rel=\"noreferrer noopener\" href=\"https:\/\/perarnegodejord.wordpress.com\/\" target=\"_blank\">Thoughts on e-learning<\/a><br>2. <a rel=\"noreferrer noopener\" href=\"https:\/\/iktveiledninger.wordpress.com\/\" target=\"_blank\">IKTveiledninger<\/a><br>3. <a rel=\"noreferrer noopener\" href=\"https:\/\/godejord.wordpress.com\/\" target=\"_blank\">Kids Digital World \u2013 Exploring didactics in Social Informatics and distance learning<\/a><br>4. <a rel=\"noopener\" href=\"https:\/\/site.nord.no\/didaktiskebetraktninger\/\" target=\"_blank\">Didaktiske betraktninger<\/a> (blogg under Nord universitet)<\/p>\n\n\n\n<p>Jeg har ogs\u00e5 benyttet blogg &#8211; gjerne sammen med Twitter &#8211; for \u00e5 formidle faglige synspunkter p\u00e5 aktuelle tema, som for eksempel ideen om at MOOC plutselig ville revolusjonere e-l\u00e6ring:<\/p>\n\n\n\n<ol class=\"wp-block-list\">\n<li><a href=\"https:\/\/perarnegodejord.wordpress.com\/2014\/08\/26\/the-emperors-new-clothes-aka-mooc\/\" data-type=\"link\" data-id=\"https:\/\/perarnegodejord.wordpress.com\/2014\/08\/26\/the-emperors-new-clothes-aka-mooc\/\" target=\"_blank\" rel=\"noreferrer noopener\">The Emperor\u2019s New Clothes. AKA MOOC\u2026.<\/a><\/li>\n\n\n\n<li><a href=\"https:\/\/perarnegodejord.wordpress.com\/2014\/09\/11\/what-will-happen-to-moocs-in-norway\/\" data-type=\"link\" data-id=\"https:\/\/perarnegodejord.wordpress.com\/2014\/09\/11\/what-will-happen-to-moocs-in-norway\/\" target=\"_blank\" rel=\"noreferrer noopener\">What Will Happen to MOOCs in Norway?<\/a><\/li>\n<\/ol>\n\n\n\n<p>Jeg har ogs\u00e5 benyttet websider, wiki og blogg for \u00e5 formidle problemstillinger og annet fagstoff til mine studenter som del av studentaktiv undervisning, og her er tre eksempler p\u00e5 dette:<\/p>\n\n\n\n<ol class=\"wp-block-list\">\n<li><a href=\"https:\/\/web.archive.org\/web\/20040402020517\/http:\/\/ithuset.hinesna.no\/foreles2003.html\" target=\"_blank\" rel=\"noreferrer noopener\">Forelesninger i IN907 Samfunnsinformatikk<\/a><\/li>\n\n\n\n<li><a href=\"http:\/\/godejord.blogspot.com\/\" target=\"_blank\" rel=\"noreferrer noopener\">Samfunnsinformatikk\/ Social Informatics<\/a><\/li>\n\n\n\n<li><a rel=\"noreferrer noopener\" href=\"http:\/\/iktl.blogspot.com\/\" target=\"_blank\">IKT og L\u00e6ring<\/a><\/li>\n<\/ol>\n\n\n\n<p>Samtlige egenproduserte nettsteder benyttet til formidling av undervisning finnes i <a href=\"https:\/\/site.nord.no\/didaktiskebetraktninger\/2018\/03\/16\/undervisningsrepertoar\/\" target=\"_blank\" rel=\"noreferrer noopener\">Undervisningsrepertoar<\/a>.<\/p>\n\n\n<p><strong>D) Seminar og konferanser<\/strong><\/p>\n<p>Interne og eksterne seminarer og konferanser har v\u00e6rt en viktig arena for min formidling og etter at Nord universitet ble dannet har jeg deltatt p\u00e5 f\u00f8lgende:<\/p>\n<ol>\n<li><a href=\"https:\/\/app.cristin.no\/results\/show.jsf?id=1844008\" target=\"_blank\" rel=\"noopener\">\/\/Mine erfaringer med omvendt klasserom, fra 2002 til i dag\/\/<\/a> Invitert foreleser p\u00e5 lokalt UNIPED kurs, Nord universitet, 28.10.2020<\/li>\n<li><a href=\"https:\/\/www.youtube.com\/watch?v=EYBx5pSgCqU\" target=\"_blank\" rel=\"noopener\">\/\/Studentaktiv undervisning p\u00e5 nett\/\/<\/a> Invitert foreleser p\u00e5 lokal Nettpedagogisk fagdag i regi av KOLT, Nord universitet, 14.05.2020<\/li>\n<li><a href=\"https:\/\/app.cristin.no\/results\/show.jsf?id=1628254\" target=\"_blank\" rel=\"noopener\">\/\/Blended Learning With Mobile Technology\/\/<\/a> Invitert foredragsholder, sammen med f\u00f8rsteamanuensis Beata Godejord, p\u00e5 Internasjonaliseringskonferanse for grunnoppl\u00e6ringen &#8211; IKG18, i regi av Direktoratet for internasjonalisering og kvalitetsutvikling, Trondheim, 7. november 2018<\/li>\n<\/ol>\n<p>I det videre f\u00f8lger en oversikt over presentasjoner og posters p\u00e5 konferanser knyttet til min undervisningspraksis:<\/p>\n\n\n<ol class=\"wp-block-list\">\n<li><a href=\"https:\/\/web.archive.org\/web\/20160326085503\/http:\/\/www.ux.uis.no\/~tossebro\/bilder\/nik2004\/72_nokobit5_1_godejord_med.jpg\" target=\"_blank\" rel=\"noreferrer noopener\"><em>\/\/IKT som l\u00e6ringsverkt\u00f8y &#8211; N\u00e5r f\u00f8rer det til l\u00e6ring\/\/<\/em><\/a> Accepted presentation, <a href=\"http:\/\/web.archive.org\/web\/20050810080418fw_\/http:\/\/www.idi.ntnu.no\/~knutrr\/NOKOBIT2004\/sessions.pdf\" target=\"_blank\" rel=\"noopener\">session 6<\/a>, at <a href=\"http:\/\/web.archive.org\/web\/20070910140213\/http:\/www.idi.ntnu.no\/~knutrr\/NOKOBIT2004\/index.html\" target=\"_blank\" rel=\"noreferrer noopener\">NOKOBIT 2004<\/a> &#8211; The 11th Norwegian Conference on Information Systems (in Norwegian), 2004, <em>Stavanger<\/em>, Norway.<\/li>\n\n\n\n<li><em>Barn og unges digitale hverdag<\/em> Invited presentation at the <a href=\"http:\/\/web.archive.org\/web\/20051114172012\/http:\/www2.skolenettet.no\/imaker?id=310185&amp;malgruppe=0&amp;trinn=0&amp;omr=153&amp;mal=infoside\" target=\"_blank\" rel=\"noreferrer noopener\">Skolelederkonferanse 2005<\/a> (in Norwegian), session 20, November 2005, <em>Lillestr\u00f8m<\/em>, Norway<\/li>\n\n\n\n<li><a href=\"http:\/\/www.slideshare.net\/Godejord\/kids-digital-world\" target=\"_blank\" rel=\"noreferrer noopener\">\/\/Kid&#8217;s digital world \/ Cyfrowy swiat dziecka\/\/<\/a> Invited presentation at the VI Scientific and Didactic Seminar Diagnosis and Evaluation in Aspect of Strategy of Development Education, University of Szczecin, Poland (In English), April 2006<\/li>\n\n\n\n<li><a href=\"http:\/\/portal.acm.org\/citation.cfm?id=1140124.1140248&amp;coll=GUIDE&amp;dl=ACM&amp;CFID=22382529&amp;CFTOKEN=54726224\" target=\"_blank\" rel=\"noreferrer noopener\"><em>\/\/Exploring teacher methodology: using the example of sexual abuse of children as a way of teaching social informatics\/\/<\/em><\/a> Poster Presentation at the 11th annual SIGCSE conference on Innovation and technology in computer science education (in English), June 2006, <em>Bologna<\/em>, Italy.<\/li>\n\n\n\n<li>\/<a href=\"http:\/\/web.archive.org\/web\/20160319174834\/http:\/\/documents.tips\/education\/nettbasert-undervisning-og-differensiering.html\" target=\"_blank\" rel=\"noreferrer noopener\">\/Nettbasert undervisning og differensiering \u2013 \u00c5 n\u00e5 \u201chele\u201d studenten\/\/<\/a>, Invited presentation at local seminar on LMS in education, hosted by Nesna University College and it&#8217;slearning, Mo i Rana, 14th. December 2006.<\/li>\n\n\n\n<li><a href=\"http:\/\/www.slideshare.net\/Godejord\/kids-digital-world-cyfrowy-wiat-dziecka\" target=\"_blank\" rel=\"noreferrer noopener\">\/\/Kids Digital World\/ Cyfrowy Swiat Dziecka\/\/<\/a> Invited presentation at the <a href=\"http:\/\/www.scribd.com\/doc\/114116368\/25-KWIETNIA-2007#fullscreen\" target=\"_blank\" rel=\"noreferrer noopener\">Zielonog\u00f3rskie Dni Pedagogiki Medi\u00f3w<\/a>: Seminarium <a href=\"http:\/\/godejord.wordpress.com\/2007\/04\/03\/kids-digital-world-1th-polish-getting-involved-seminar\/\" target=\"_blank\" rel=\"noreferrer noopener\">CYFROWY SWIAT DZIECKA<\/a>, University of Zielona Gora, Poland (In English), April 2007 (<a href=\"http:\/\/i154.photobucket.com\/albums\/s247\/godejord\/DSC00722.jpg\" target=\"_blank\" rel=\"noreferrer noopener\">Pictures<\/a>). <em>With Beata Godejord, PhD<\/em><\/li>\n\n\n\n<li><a href=\"http:\/\/www.slideshare.net\/Godejord\/wroclaw\" target=\"_blank\" rel=\"noreferrer noopener\">\/\/Nowe przestrzenie komunikacyjne, nowe zagro?enia pedagogiczne\/\/<\/a> Accepted presentation at <a href=\"http:\/\/godejord.wordpress.com\/2007\/09\/28\/social-communication-in-the-real-and-virtual-world\/\" target=\"_blank\" rel=\"noreferrer noopener\">Social communication in the real and virtual world<\/a>, University of Wroclaw (In English and Polish), Duszniki Zdr\u00f3j, Poland, September 2007. <em>With Beata Godejord, PhD<\/em>.<\/li>\n\n\n\n<li><a href=\"http:\/\/web.archive.org\/web\/20090220090833\/http:\/\/webtv.meeting.no\/meeting4\/Catalog\/?cid=fa9903effd924234a02dd533161edf18\" target=\"_blank\" rel=\"noreferrer noopener\">\/\/Bruk av bevisstgj\u00f8ringsprosjekt\/\/<\/a> Invited presentation at the National Conference for Teacher Educationalists Focusing on Internet abuse and violance in close relations, Children in Difficult Situations (In Norwegian), April 2008, <em>Nesna<\/em>, Norway.<\/li>\n\n\n\n<li><a href=\"http:\/\/web.archive.org\/web\/20090220090833\/http:\/\/webtv.meeting.no\/meeting4\/Catalog\/?cid=fa9903effd924234a02dd533161edf18\" target=\"_blank\" rel=\"noreferrer noopener\">\/\/Barn og unges digitale hverdag\/\/<\/a> Invited presentation at the National Conference for Teacher Educationalists Focusing onInternet abuse and violance in close relations, Children in Difficult Situations (In Norwegian), April 2008, <em>Nesna<\/em>, Norway.<\/li>\n\n\n\n<li><a href=\"http:\/\/www.slideshare.net\/Godejord\/web-20-overgrep-og-ukultur\" target=\"_blank\" rel=\"noreferrer noopener\"><em>\/\/WEB 2.0 &#8211; Overgrep og ukultur\/\/<\/em><\/a> Invited presentation at the National Conference for Practice in Teacher Education, May 2008, <em>Nesna<\/em>, Norwa<em>y<\/em><\/li>\n\n\n\n<li><em>&nbsp;<a href=\"https:\/\/youtu.be\/QYVapODRT_k\" target=\"_blank\" rel=\"noreferrer noopener\">\/\/G\u00e5 inn i din tid &#8211; 10 \u00e5r med bevissgj\u00f8ring av informatikere og l\u00e6rere\/\/<\/a> ,<\/em>Invited presentation at the <a href=\"http:\/\/web.archive.org\/web\/20150410040724\/http:\/\/hinesna.no\/nyheter\/2012\/g%C3%A5-inn-i-din-tid-konferanse-om-seksuelle-overgrep-mot-barn\" target=\"_blank\" rel=\"noopener\">\u00abG\u00e5 inn i din tid\u00bb &#8211; Conference on Child Sexual Abuse<\/a>, Oct. 2012, Nesna University College, Norway<\/li>\n\n\n\n<li><a href=\"https:\/\/www.academia.edu\/8933190\/THE_ONLINE_CLASSROOM_-_DEVELOPING_LEARNING_SPACES_USING_BLOGS_WIKI_AND_TWITTER\" target=\"_blank\" rel=\"noreferrer noopener\"><em>\/<\/em><\/a><a href=\"https:\/\/www.scribd.com\/doc\/283540462\/The-Online-Classroom-Developing-Learning-Spaces-Using-Blogs-Wiki-and-Twitter\" target=\"_blank\" rel=\"noreferrer noopener\"><em>\/ The Online Classroom &#8211; Developing Learning Spaces Using Blogs, Wiki and Twitter \/\/<\/em><\/a>, Accepted as poster presentation at the <a href=\"http:\/\/www.eden-online.org\/eden_conference\/eden-eventsresearch-workshopsoxford-html\/\" target=\"_blank\" rel=\"noreferrer noopener\">8th EDEN Research Workshop conference<\/a>, 27th &#8211; 28th of October 2014, and inclusion in the Book of Abstracts <em>(Short version, one page)<\/em>.<\/li>\n\n\n\n<li><a href=\"http:\/\/www.slideshare.net\/Godejord\/digital-media-and-learning\" target=\"_blank\" rel=\"noreferrer noopener\">\/\/Digital media and learning &#8211; A personal journey\/\/<\/a>, presentation at the C2- transnational meeting, <a href=\"https:\/\/www.cristin.no\/app\/projects\/show.jsf?id=506991\" target=\"_blank\" rel=\"noreferrer noopener\">MILAGE-project<\/a>; 25th of April &#8211; 29th of April 2016.<\/li>\n\n\n\n<li><a href=\"https:\/\/www.youtube.com\/watch?v=2hDTRPfhqDY&amp;feature=youtu.be\" target=\"_blank\" rel=\"noreferrer noopener\">\/\/Digital media and learning &#8211; A personal journey into integrated use of digital media in teaching and assessment\/\/<\/a>, invited video presentation at the NORD University <a href=\"http:\/\/ynsqandj.mnm.as\/r\/18969\/102782605\/7744?l=nb-NO\" target=\"_blank\" rel=\"noreferrer noopener\">Educational Seminar<\/a>, 5th &#8211; 6th of September 2016.<\/li>\n<\/ol>\n\n\n<p><strong>E) Prosjekter<\/strong><\/p>\n<p>En annen viktig del av mitt pedagogiske arbeid har v\u00e6rt \u00e5 delta i internasjonale og nasjonale prosjekter som er knyttet til forskning p\u00e5 hvordan motivere til l\u00e6ring. Jeg har deltatt i f\u00f8lgende prosjekter:<\/p>\n<ol>\n<li><strong>Internasjonal forskningsgruppe<\/strong> <a href=\"http:\/\/tinyurl.com\/j7f3sgj\" target=\"_blank\" rel=\"noreferrer noopener\">MILAGE<\/a>\u00a0 (2015-2018),<br \/>Deltakerland: Portugal, Spania, Tyrkia og Norge<br \/><strong>Internasjonalt prosjekt<\/strong>: <a href=\"https:\/\/www.cristin.no\/app\/projects\/show.jsf?id=506991\" target=\"_blank\" rel=\"noreferrer noopener\">MILAGE<\/a>\u00a0 (2015-2018)<br \/><strong>Prosjektleder\/ forskningsgruppeleder<\/strong>: Professor Mauro Figueiredo, Universidade do Algarve (UdA), Portugal<br \/><em>Artikler p\u00e5 niv\u00e5 \u2013 Alene: 0 Medforfatter: 2<br \/>\u00a0 <span style=\"color: #ffffff\">x<\/span> <\/em><\/li>\n<li><strong>Internasjonal forskningsgruppe<\/strong> <a href=\"https:\/\/www.cristin.no\/as\/WebObjects\/cristin.woa\/wa\/presentasjonVis?pres=520629&amp;type=GRUPPE\" target=\"_blank\" rel=\"noreferrer noopener\">ICTinED<\/a>\u00a0 (2012 \u2013 2020)<br \/>Deltakerland: Polen, Tsjekkia, Slovakia, Ungarn og Norge<br \/><strong>Internasjonalt prosjekt<\/strong>: <a href=\"https:\/\/www.cristin.no\/app\/projects\/show.jsf?id=519682\" target=\"_blank\" rel=\"noreferrer noopener\">ICT in Educational Design \u2013 Processes, Materials, Resources<\/a> (2012-2020)<br \/><strong>Prosjektleder\/ forskningsgruppeleder<\/strong>: Professor Eunika Baron-Pola\u0144czyk, Uniwesytet Zielonog\u00f3rski (UZ), Polen<br \/><em>Artikler p\u00e5 niv\u00e5 \u2013 Alene: 3 Medforfatter: 2 \/Poster Abstract: 1<br \/>\u00a0 <span style=\"color: #ffffff\">x<\/span><\/em><\/li>\n<li><strong>Internasjonal forskningsgruppe<\/strong> <a href=\"https:\/\/www.cristin.no\/as\/WebObjects\/cristin.woa\/wa\/presentasjonVis?pres=537082&amp;type=GRUPPE\" target=\"_blank\" rel=\"noreferrer noopener\">Getting Involved<\/a>\u00a0(2006\/07 \u2013 2008). Deltakerland: Norge og Polen<br \/><strong>Lokalt (<em>med noe nasjonalt og internasjonalt samarbeid<\/em>) prosjekt<\/strong>: <a href=\"https:\/\/www.cristin.no\/app\/projects\/show.jsf?id=404798\" target=\"_blank\" rel=\"noreferrer noopener\">G\u00e5 inn i din tid\/ Getting Involved<\/a> (2006\/07 \u2013 2009)<strong><br \/>Prosjektleder<\/strong>: F\u00f8rstelektor Per A. Godejord, H\u00f8gskolen i Nesna<br \/><em>Artikler p\u00e5 niv\u00e5 \u2013 Alene: 4\u00a0 Medforfatter: 1 \/Poster Abstract: 1 Rapport: 1<\/em><\/li>\n<\/ol>\n<p><strong>F) Innlegg i digitale aviser og p\u00e5 nettsteder<\/strong><\/p>\n<p>Jeg har ogs\u00e5 s\u00f8kt \u00e5 bidra til informasjon og bevisstgj\u00f8ring for folk flest innen e-l\u00e6ring\/ bruk av IKT i undervisning og digital beredskap (informasjonssikkerhet) og KI, og her f\u00f8lger noen innlegg i ulike avisers digitale utgaver, samt p\u00e5 nettsted.<\/p>\n<ol>\n<li><a href=\"https:\/\/www.nordnorskdebatt.no\/digital-beredskap-er-en-borgerplikt\/o\/5-124-390937\" target=\"_blank\" rel=\"noopener\">Digital beredskap er en borgerplikt<\/a>, Nordnorsk debatt, 07.10.25<\/li>\n<li><a href=\"https:\/\/www.an.no\/oktober-i-akademia-digital-beredskap-nar-russland-og-kina-banker-pa-labdora\/o\/5-4-2255803\" target=\"_blank\" rel=\"noopener\">Oktober i akademia: Digital beredskap n\u00e5r Russland og Kina banker p\u00e5 labd\u00f8ra<\/a>, Avisa Nordland, 08.10.25<\/li>\n<li><a href=\"https:\/\/www.altinget.no\/artikkel\/teknologisk-analfabetisme-er-en-alvorlig-samfunnsrisiko\" target=\"_blank\" rel=\"noreferrer noopener\" data-type=\"link\" data-id=\"https:\/\/www.altinget.no\/artikkel\/teknologisk-analfabetisme-er-en-alvorlig-samfunnsrisiko\">Teknologisk analfabetisme er en alvorlig samfunnsrisiko<\/a>, Altinget, 21.07.2025<\/li>\n<li><a href=\"https:\/\/www.forskersonen.no\/chatgpt-kronikk-meninger\/samtalerobotenes-inntog-i-akademia-hype-eller-apokalypse\/2529609\" target=\"_blank\" rel=\"noopener\">Samtalerobotenes inntog i akademia \u2013 hype eller apokalypse?<\/a>, forskersonen.no, 17.07.25<\/li>\n<li><a href=\"https:\/\/www.fanaposten.no\/digital-egenberedskap-var-nye-folkeplikt\/o\/5-153-114239\" target=\"_blank\" rel=\"noopener\">Digital egenberedskap: V\u00e5r nye folkeplikt<\/a>, Fanaposten nett, 12.07.2025<\/li>\n<li><a href=\"https:\/\/medium.com\/@per.a.godejord\/chatbots-in-education-hype-help-or-harm-01684e75f2fe\" target=\"_blank\" rel=\"noopener\">Chatbots in Education: Hype, Help, or Harm?<\/a>, Medium, 05.06.25<\/li>\n<li><a href=\"https:\/\/www.tronderdebatt.no\/du-er-en-digital-forsvarslinje-oppfor-deg-deretter\/o\/5-122-108727\" target=\"_blank\" rel=\"noopener\">Du er en digital forsvarslinje \u2013 oppf\u00f8r deg deretter<\/a>, Tr\u00f8nderdebatt, 02.06.25<\/li>\n<li><a href=\"https:\/\/www.an.no\/chatgpt-og-dets-ulike-avarter-nyttig-verktoy-eller-digital-papegoye\/o\/5-4-2176773\" target=\"_blank\" rel=\"noopener\">ChatGPT og dets ulike avarter \u2013 nyttig verkt\u00f8y eller digital papeg\u00f8ye?<\/a>, Avisa Nordland, 02.06.2025<\/li>\n<li><a href=\"https:\/\/www.tronderdebatt.no\/sosiale-medier-fra-tidtroyte-til-slagmark\/o\/5-122-99755#am-comments\" target=\"_blank\" rel=\"noopener\">Sosiale medier \u2013 fra tidtr\u00f8yte til slagmark<\/a>, Tr\u00f8nderdebatt, 23.09.24<\/li>\n<li><a href=\"https:\/\/www.nordnorskdebatt.no\/sosiale-medier-fra-lek-og-laring-til-krigsskueplass\/o\/5-124-323587#am-comments\" target=\"_blank\" rel=\"noopener\">Sosiale medier \u2013 Fra lek og l\u00e6ring til krigsskueplass<\/a>, Nordnorsk debatt, 18.09.2024<\/li>\n<li><a href=\"https:\/\/www.tronderdebatt.no\/trusler-i-det-digitale-rom-ki-eller-ganske-enkelt-the-usual-suspects\/o\/5-122-98051#am-comments\" target=\"_blank\" rel=\"noopener\">Trusler i det digitale rom \u2013 KI eller ganske enkelt the usual suspects?<\/a> Tr\u00f8nderdebatt, 15.08.2024<\/li>\n<li><a href=\"https:\/\/www.digi.no\/artikler\/hackergruppe-freder-sykehus-og-veldedige-organisasjoner-rent-pr-stunt\/539730\" target=\"_blank\" rel=\"noopener\">Hackergruppe freder sykehus og veldedige organisasjoner<\/a>, fagkommentator, Digi.no, 18.11.2023<\/li>\n<li><a href=\"https:\/\/www.nordnorskdebatt.no\/informasjonssikkerhet-begynner-ved-kjokkenbordet\/o\/5-124-266149\" target=\"_blank\" rel=\"noopener\">Informasjonssikkerhet begynner ved kj\u00f8kkenbordet<\/a>, Nordnorsk debatt, 27.09.2023<\/li>\n<li><a href=\"https:\/\/www.tronderdebatt.no\/a-stromme-eller-ikke-stromme\/o\/5-122-74163\" target=\"_blank\" rel=\"noopener\">\u00c5 str\u00f8mme, eller ikke str\u00f8mme\u2026<\/a>, Tr\u00f8nderdebatt, 19.07.2023<\/li>\n<li><a href=\"https:\/\/www.innherred.no\/debatt\/i\/zE8q0r\/digital-egenberedskap-i-skyggen-av-krig\" target=\"_blank\" rel=\"noopener\">Digital egenberedskap i skyggen av krig<\/a>, Innherred avisa, nettutgave &#8211; Debatt, 06.02.2023<\/li>\n<li><a href=\"https:\/\/www.tronderdebatt.no\/informasjonssikkerhet-i-krigstid\/o\/5-122-63935\" target=\"_blank\" rel=\"noopener\">Informasjonssikkerhet i krigstid<\/a>, Tr\u00f8nderdebatt, 04.02.2023<\/li>\n<li><a href=\"https:\/\/www.nordnorskdebatt.no\/digital-beredskap-i-krigens-skygge\/o\/5-124-225351\" target=\"_blank\" rel=\"noopener\">Digital beredskap i krigens skygge<\/a>, Nordnorsk debatt, 02.02.2023<\/li>\n<li><a href=\"https:\/\/www.an.no\/informasjonssikkerhet-nar-krigen-raser\/o\/5-4-1715419\" target=\"_blank\" rel=\"noopener\">Informasjonssikkerhet n\u00e5r krigen raser<\/a>, Avisa Nordland, nettutgave &#8211; debatt, 02.02.2023<\/li>\n<li><a href=\"https:\/\/www.tronderdebatt.no\/chat-gpt-en-mer-talefor-slektning-av-eliza\/o\/5-122-62050\" target=\"_blank\" rel=\"noopener\">Chat GPT &#8211; En mer talef\u00f8r slektning av ELIZA<\/a>, Tr\u00f8nderdebatt, 10.01.2023<\/li>\n<li><a href=\"https:\/\/www.an.no\/chat-gpt-et-artig-verktoy-men-ingen-palitelig-eksamensloser\/o\/5-4-1706075\" target=\"_blank\" rel=\"noopener\">Chat GPT &#8211; Et artig verkt\u00f8y men ingen p\u00e5litelig eksamensl\u00f8ser<\/a>, Avisa Nordland, nettutgave &#8211; debatt, 12.01.2023<\/li>\n<li><a href=\"https:\/\/www.tronderdebatt.no\/digital-beredskap-et-sporsmal-om-bevisstgjoring\/o\/5-122-8779\" target=\"_blank\" rel=\"noopener\">Digital beredskap &#8211; et sp\u00f8rsm\u00e5l om bevisstgj\u00f8ring<\/a>, Tr\u00f8nderdebatt, 19.10.2020<\/li>\n<li><a href=\"https:\/\/www.ranablad.no\/debatt\/internett-fylt-til-randen-av-pedofile-og-barneporno\/s\/1-93-1298795\" target=\"_blank\" rel=\"noopener\">Internett \u2013 fylt til randen av pedofile og barneporno?<\/a>, Rana Blad, nettutgave &#8211; debatt, 21.10.2004<\/li>\n<li>\n<p class=\"\n      default-opinion-title\n      article--c-fNoPik article--c-fNoPik-bZxtSA-design-default article--c-fNoPik-jQpqIG-cv\"><a href=\"https:\/\/www.ranablad.no\/leserbrev\/er-det-ikt-eller-lareren-som-forer-til-okt-laring\/o\/1-93-1129927\" target=\"_blank\" rel=\"noopener\">Er det IKT eller l\u00e6reren som f\u00f8rer til \u00f8kt l\u00e6ring?<\/a>, Rana Blad, nettutgave &#8211; leserbrev, 27.05.2004<\/p>\n<\/li>\n<li><a href=\"https:\/\/web.archive.org\/web\/20040426024327\/http:\/\/ln.kunnskapsnettet.no\/realf\/article.php?sid=11\" target=\"_blank\" rel=\"noopener\">Kommentar<\/a> til &laquo;Dataspill om bioteknologi&raquo;, Samfunnshuset, Kunnskapsnettet, 22.09.2002<\/li>\n<li><a href=\"https:\/\/web.archive.org\/web\/20040423100045\/http:\/\/ln.kunnskapsnettet.no\/samfunnshuset\/modules.php?op=modload&amp;name=Sections&amp;file=index&amp;req=viewarticle&amp;artid=29\" target=\"_blank\" rel=\"noopener\">IKT i undervisning &#8211; keiserens nye kl\u00e6r?<\/a> Samfunnshuset, Kunnskapsnettet, mai, 2001<\/li>\n<\/ol>\n\n\n<p><em>Andre avisinnlegg<\/em><\/p>\n\n\n\n<ol class=\"wp-block-list\">\n<li><a href=\"https:\/\/www.altinget.no\/forsvar\/artikkel\/verneplikt-handler-om-forsvar-av-landet-ikke-gratisarbeid-i-helsesektoren\" data-type=\"link\" data-id=\"https:\/\/www.altinget.no\/forsvar\/artikkel\/verneplikt-handler-om-forsvar-av-landet-ikke-gratisarbeid-i-helsesektoren\" target=\"_blank\" rel=\"noreferrer noopener\">Verneplikt handler om forsvar av landet, ikke gratisarbeid i helsesektoren<\/a>, Alltinget.no, 22.03.2024<\/li>\n\n\n\n<li><a href=\"https:\/\/www.fanaposten.no\/samfunnstjeneste-et-blindspor-i-beredskapsdebatten\/o\/5-153-56215\" data-type=\"link\" data-id=\"https:\/\/www.fanaposten.no\/samfunnstjeneste-et-blindspor-i-beredskapsdebatten\/o\/5-153-56215\" target=\"_blank\" rel=\"noreferrer noopener\">Samfunnstjeneste &#8211; et blindspor i beredskapsdebatten<\/a>, Fanaposten, &#8211; <em><a href=\"https:\/\/www.nb.no\/items\/63d1d5180bfe0a4e03ac32be05f084cf?page=3\" data-type=\"link\" data-id=\"https:\/\/www.nb.no\/items\/63d1d5180bfe0a4e03ac32be05f084cf?page=3\" target=\"_blank\" rel=\"noreferrer noopener\">papiravisen<\/a><\/em> 08.03.2024, side 4. &#8211; <em>nettavisen<\/em> 10.03.2024<\/li>\n\n\n\n<li><a href=\"https:\/\/www.nationen.no\/samfunnstjeneste-en-avsporing-av-beredskapsdebatten\/o\/5-148-509745\" data-type=\"link\" data-id=\"https:\/\/www.nationen.no\/samfunnstjeneste-en-avsporing-av-beredskapsdebatten\/o\/5-148-509745\" target=\"_blank\" rel=\"noreferrer noopener\">Samfunnstjeneste &#8211; en avsporing av beredskapsdebatten<\/a>, Nationen, 06.03.2024<\/li>\n\n\n\n<li><a href=\"https:\/\/www.nordnorskdebatt.no\/samfunnstjeneste-en-alvorlig-avsporing-av-en-viktig-debatt\/o\/5-124-297007\" data-type=\"link\" data-id=\"https:\/\/www.nordnorskdebatt.no\/samfunnstjeneste-en-alvorlig-avsporing-av-en-viktig-debatt\/o\/5-124-297007\" target=\"_blank\" rel=\"noreferrer noopener\">Samfunnstjeneste &#8211; en alvorlig avsporing av en viktig debatt<\/a>, Nordnorsk debatt (Nordlys), 05.03.2024<\/li>\n\n\n\n<li><a href=\"https:\/\/www.an.no\/samfunnstjeneste-et-blindspor-i-beredskapsdebatten\/o\/5-4-1919649\" data-type=\"link\" data-id=\"https:\/\/www.an.no\/samfunnstjeneste-et-blindspor-i-beredskapsdebatten\/o\/5-4-1919649\" target=\"_blank\" rel=\"noreferrer noopener\">Samfunnstjeneste &#8211; Et blindspor i beredskapsdebatten<\/a>, Avisa Nordland, nettutgave, Debatt, 01.03.2024<\/li>\n\n\n\n<li><a href=\"https:\/\/www.tronderdebatt.no\/det-nye-politikermantraet-i-beredskapsdebatten\/o\/5-122-89423\" data-type=\"link\" data-id=\"https:\/\/www.tronderdebatt.no\/det-nye-politikermantraet-i-beredskapsdebatten\/o\/5-122-89423\" target=\"_blank\" rel=\"noreferrer noopener\">Det nye politikermantraet i beredskapsdebatten<\/a>, Tr\u00f8nderdebatt, 29.02.2024, samt Tr\u00f8nder-Avisa, side 3, 01.03.2024<\/li>\n\n\n\n<li><a href=\"https:\/\/www.tronderdebatt.no\/gjenreis-sivilforsvaret-som-krigsorganisasjon\/o\/5-122-43558\" target=\"_blank\" rel=\"noreferrer noopener\">Gjenreis Sivilforsvaret som krigsorganisasjon<\/a>, Tr\u00f8nderdebatt, 04.05.2022<\/li>\n\n\n\n<li><a rel=\"noreferrer noopener\" href=\"https:\/\/www.dagsavisen.no\/debatt\/2017\/03\/22\/sivilforsvaret-beredskap-ved-et-veiskille\/\" target=\"_blank\">Sivilforsvaret &#8211; Beredskap ved et veiskille<\/a>, Dagsavisen, Debatt, 22.03.2017<\/li>\n\n\n\n<li><a href=\"https:\/\/www.ranablad.no\/utdanning\/nesna\/hogskole\/dette-er-et-grovt-overtramp-fra-et-mektig-departement-overfor-unge-enkeltindivider-her-bor-departementet-be-om-unnskyldning\/o\/5-42-36608\" data-type=\"link\" data-id=\"https:\/\/www.ranablad.no\/utdanning\/nesna\/hogskole\/dette-er-et-grovt-overtramp-fra-et-mektig-departement-overfor-unge-enkeltindivider-her-bor-departementet-be-om-unnskyldning\/o\/5-42-36608\" target=\"_blank\" rel=\"noreferrer noopener\">Dette er et grovt overtramp fra et mektig departement overfor unge enkeltindivider. Her b\u00f8r departementet be om unnskyldning<\/a>, Rana Blad, Leserinnlegg, 22.03.2015<\/li>\n\n\n\n<li><a href=\"https:\/\/www.tu.no\/artikler\/skoler-har-ikke-lov-til-a-totalforby-mobiltelefoner\/235313\" target=\"_blank\" rel=\"noreferrer noopener\">Skoler har ikke lov til \u00e5 totalforby mobiltelefoner<\/a>, Intervju i TU, 13.10.2013<\/li>\n<\/ol>\n","protected":false},"excerpt":{"rendered":"<p>Jeg har helt siden jeg var IT-sjef s\u00f8kt \u00e5 n\u00e5 ut til kolleger, studenter og andre med mine tanker. Som IT-sjef benyttet jeg meg flittig av tidligere H\u00f8gskolen i Nesna sin interne skriftserie (Internett &#8211; noe for deg? \/ IT &amp; juss : noe for deg : en innf\u00f8ring i noen av de lover og &hellip; <a href=\"https:\/\/site.nord.no\/didaktiskebetraktninger\/2019\/02\/06\/formidling\/\" class=\"more-link\">Fortsett \u00e5 lese<span class=\"screen-reader-text\"> \u00abFormidling\u00bb<\/span><\/a><\/p>\n","protected":false},"author":11,"featured_media":0,"comment_status":"closed","ping_status":"open","sticky":false,"template":"","format":"standard","meta":{"footnotes":""},"categories":[1],"tags":[],"coauthors":[2],"class_list":["post-139","post","type-post","status-publish","format-standard","hentry","category-ukategorisert"],"_links":{"self":[{"href":"https:\/\/site.nord.no\/didaktiskebetraktninger\/wp-json\/wp\/v2\/posts\/139","targetHints":{"allow":["GET"]}}],"collection":[{"href":"https:\/\/site.nord.no\/didaktiskebetraktninger\/wp-json\/wp\/v2\/posts"}],"about":[{"href":"https:\/\/site.nord.no\/didaktiskebetraktninger\/wp-json\/wp\/v2\/types\/post"}],"author":[{"embeddable":true,"href":"https:\/\/site.nord.no\/didaktiskebetraktninger\/wp-json\/wp\/v2\/users\/11"}],"replies":[{"embeddable":true,"href":"https:\/\/site.nord.no\/didaktiskebetraktninger\/wp-json\/wp\/v2\/comments?post=139"}],"version-history":[{"count":85,"href":"https:\/\/site.nord.no\/didaktiskebetraktninger\/wp-json\/wp\/v2\/posts\/139\/revisions"}],"predecessor-version":[{"id":7040,"href":"https:\/\/site.nord.no\/didaktiskebetraktninger\/wp-json\/wp\/v2\/posts\/139\/revisions\/7040"}],"wp:attachment":[{"href":"https:\/\/site.nord.no\/didaktiskebetraktninger\/wp-json\/wp\/v2\/media?parent=139"}],"wp:term":[{"taxonomy":"category","embeddable":true,"href":"https:\/\/site.nord.no\/didaktiskebetraktninger\/wp-json\/wp\/v2\/categories?post=139"},{"taxonomy":"post_tag","embeddable":true,"href":"https:\/\/site.nord.no\/didaktiskebetraktninger\/wp-json\/wp\/v2\/tags?post=139"},{"taxonomy":"author","embeddable":true,"href":"https:\/\/site.nord.no\/didaktiskebetraktninger\/wp-json\/wp\/v2\/coauthors?post=139"}],"curies":[{"name":"wp","href":"https:\/\/api.w.org\/{rel}","templated":true}]}}