{"id":215,"date":"2020-01-25T12:07:05","date_gmt":"2020-01-25T11:07:05","guid":{"rendered":"https:\/\/blogg.nord.no\/didaktiskebetraktninger\/?p=215"},"modified":"2021-12-23T12:00:33","modified_gmt":"2021-12-23T11:00:33","slug":"huskeliste-for-lagforere-og-troppsjef-med-it-sikkerhetsvri","status":"publish","type":"post","link":"https:\/\/site.nord.no\/didaktiskebetraktninger\/2020\/01\/25\/huskeliste-for-lagforere-og-troppsjef-med-it-sikkerhetsvri\/","title":{"rendered":"HUSKELISTE for lagf\u00f8rere og troppsjef &#8211; med IT-sikkerhetsvri"},"content":{"rendered":"<p>Enten vi vil det eller ei dundrer digitaliseringen av samfunnet videre i stor fart. Vi omgir oss med flere og flere digitale verkt\u00f8y; smarttelefoner, nettbrett, smartfjernsyn og smarte hus. I en slik virkelighet er hver og en av oss n\u00f8dt til \u00e5 se v\u00e5r egen rolle, og det ansvar vi har, for \u00e5 bidra til en positiv utvikling av de mange muligheter de digitale tjenester gir oss. Men n\u00e5r vi av eget fritt valg gj\u00f8r oss til dels avhengig av ulike digitale l\u00f8sninger m\u00e5 vi ogs\u00e5 v\u00e6re aktivt med \u00e5 bygge en god sikkerhetskultur b\u00e5de hjemme hos oss selv og p\u00e5 jobben. Og p\u00e5 jobben er det ledelsen som skal &#8211; gjentar skal &#8211; v\u00e6re en aktiv inspirator til \u00e5 bygge en solid sikkerhetskultur. Her kommer en liten huskeliste laget i anledning oppstarten av emnet <a href=\"https:\/\/www.nord.no\/no\/Student\/studieplaner\/2019h\/4\/Sider\/ORG5005v1.aspx\" target=\"_blank\" rel=\"noopener noreferrer\">Digital beredskap<\/a>:<\/p>\n<p><img loading=\"lazy\" decoding=\"async\" class=\"alignnone size-full wp-image-216\" src=\"https:\/\/site.nord.no\/didaktiskebetraktninger\/wp-content\/uploads\/sites\/6\/2020\/01\/HVSKS.png\" alt=\"\" width=\"77\" height=\"85\" \/> \u00a0\u00a0 <span style=\"color: #808000\"><b><em>Fritt etter<\/em> Heimevernets skole- og kompetansesenter<\/b><\/span><\/p>\n<h1><span style=\"color: #808000\"><strong>BEFALETS <\/strong><\/span><strong><span style=\"color: #808000\">MOMENTLISTE<\/span><br \/>\n<\/strong><\/h1>\n<p><strong>Oppdragsl\u00f8sning:<\/strong><\/p>\n<ul>\n<li>Finnes det en intensjon bak din virksomhets IT-sikkerhet?<\/li>\n<li>Sjefens plassering (uansett niv\u00e5) styres av to faktorer:<br \/>\n1. <em>Har du\/ \u00f8verste ledelse oversikt over mulige IT-sikkerhetstrusler?<br \/>\n2. <\/em><em>Har du\/ \u00f8verste ledelse gjort noe for \u00e5 p\u00e5virke din og dine kollegers IT-sikkerhetsbevissthet?<br \/>\n<\/em><\/li>\n<\/ul>\n<p><strong>Omsorg for dine menn:<\/strong><\/p>\n<ul>\n<li>Holder du dine ansatte orientert om mulige IT-sikkerhetstrusler og hvordan m\u00f8te dem?<\/li>\n<li>F\u00e5r dine ansatte jevnlig faglig p\u00e5fyll om IT-sikkerhet?<\/li>\n<li>Kontrollerer du dine ansattes kunnskap og bevissthet om IT-sikkerhetstrusler?<\/li>\n<li>F\u00f8lger du opp IT-sikkerhetsarbeidet i egen virksomhet?<\/li>\n<\/ul>\n<p><strong>Vedlikehold:<\/strong><\/p>\n<ul>\n<li>Har du rutiner for vedlikehold av virksomhetens IT-sikkerhetsbevissthet? (<em>Eller er alt helt Texas?<\/em>)<\/li>\n<li>Kjenner du niv\u00e5et p\u00e5 kunnskap om IT-sikkerhet blant dine ansatte?<\/li>\n<li>Sjekker du jevnlig dine ansattes kunnskap om og holdninger til IT-sikkerhet?<\/li>\n<\/ul>\n<p><strong>Kontroll under feltforhold:<\/strong><\/p>\n<ul>\n<li>Har alle dine ansatte oppdatert IT-verkt\u00f8y, med siste sikkerhets-patcher, og vet de \u00e5 bruke verkt\u00f8yet?<\/li>\n<li>Har alle ansatte gode og sikre passord?<\/li>\n<li>Kjenner dine ansatte til virksomhetens IT-sikkerhetsregler og personvernregler?<\/li>\n<li>Er det p\u00e5 plass klare instrukser for h\u00e5ndtering av ulike IT-sikkerhetsbrudd i din virksomhet?<\/li>\n<li>Lar du det g\u00e5 rutine i \u00e5 f\u00f8lge opp og kontrollere at alle i din virksomhet kjenner til IT-reglement, og regler for IT-sikkerhet og personvern?<strong><br \/>\n<\/strong><\/li>\n<\/ul>\n<p><strong>Vaktposten:<\/strong><\/p>\n<ul>\n<li>Har du kontroll p\u00e5 at de ulike tekniske beskyttelsestiltakene\/verkt\u00f8yene fungerer?<\/li>\n<\/ul>\n<p><strong>Sikkerhet:<\/strong><\/p>\n<ul>\n<li>Har du fokus p\u00e5 IT-sikkerhet ifm trening, \u00f8ving og oppdragsl\u00f8sning?<\/li>\n<li>Gjennomf\u00f8rer du jevnlige risikovurderinger knyttet til den digitale delen av din virksomhet?<\/li>\n<li>Rapporteres avvik og u\u00f8nskede hendelser inne IT-sikkerhet\/ IT-bruk?<\/li>\n<\/ul>\n<p><strong>Det er din plikt som leder \u00e5 f\u00e5 sjekket, testet og kontrollert alt teknisk IT-sikkerhetsutstyr og alle IT-sikkerhetsrutiner. Det er din plikt som leder \u00e5 s\u00f8rge for at overnevnte momenter g\u00e5r i orden. Det er enhver ansatt sin plikt \u00e5 s\u00f8rge for god IT-sikkerhet i sin virksomhet.<\/strong><\/p>\n","protected":false},"excerpt":{"rendered":"<p>Enten vi vil det eller ei dundrer digitaliseringen av samfunnet videre i stor fart. Vi omgir oss med flere og flere digitale verkt\u00f8y; smarttelefoner, nettbrett, smartfjernsyn og smarte hus. I en slik virkelighet er hver og en av oss n\u00f8dt til \u00e5 se v\u00e5r egen rolle, og det ansvar vi har, for \u00e5 bidra til &hellip; <a href=\"https:\/\/site.nord.no\/didaktiskebetraktninger\/2020\/01\/25\/huskeliste-for-lagforere-og-troppsjef-med-it-sikkerhetsvri\/\" class=\"more-link\">Fortsett \u00e5 lese<span class=\"screen-reader-text\"> \u00abHUSKELISTE for lagf\u00f8rere og troppsjef &#8211; med IT-sikkerhetsvri\u00bb<\/span><\/a><\/p>\n","protected":false},"author":11,"featured_media":0,"comment_status":"closed","ping_status":"open","sticky":false,"template":"","format":"standard","meta":{"footnotes":""},"categories":[1],"tags":[],"coauthors":[2],"class_list":["post-215","post","type-post","status-publish","format-standard","hentry","category-ukategorisert"],"_links":{"self":[{"href":"https:\/\/site.nord.no\/didaktiskebetraktninger\/wp-json\/wp\/v2\/posts\/215","targetHints":{"allow":["GET"]}}],"collection":[{"href":"https:\/\/site.nord.no\/didaktiskebetraktninger\/wp-json\/wp\/v2\/posts"}],"about":[{"href":"https:\/\/site.nord.no\/didaktiskebetraktninger\/wp-json\/wp\/v2\/types\/post"}],"author":[{"embeddable":true,"href":"https:\/\/site.nord.no\/didaktiskebetraktninger\/wp-json\/wp\/v2\/users\/11"}],"replies":[{"embeddable":true,"href":"https:\/\/site.nord.no\/didaktiskebetraktninger\/wp-json\/wp\/v2\/comments?post=215"}],"version-history":[{"count":2,"href":"https:\/\/site.nord.no\/didaktiskebetraktninger\/wp-json\/wp\/v2\/posts\/215\/revisions"}],"predecessor-version":[{"id":219,"href":"https:\/\/site.nord.no\/didaktiskebetraktninger\/wp-json\/wp\/v2\/posts\/215\/revisions\/219"}],"wp:attachment":[{"href":"https:\/\/site.nord.no\/didaktiskebetraktninger\/wp-json\/wp\/v2\/media?parent=215"}],"wp:term":[{"taxonomy":"category","embeddable":true,"href":"https:\/\/site.nord.no\/didaktiskebetraktninger\/wp-json\/wp\/v2\/categories?post=215"},{"taxonomy":"post_tag","embeddable":true,"href":"https:\/\/site.nord.no\/didaktiskebetraktninger\/wp-json\/wp\/v2\/tags?post=215"},{"taxonomy":"author","embeddable":true,"href":"https:\/\/site.nord.no\/didaktiskebetraktninger\/wp-json\/wp\/v2\/coauthors?post=215"}],"curies":[{"name":"wp","href":"https:\/\/api.w.org\/{rel}","templated":true}]}}