{"id":711,"date":"2025-03-02T14:01:00","date_gmt":"2025-03-02T13:01:00","guid":{"rendered":"https:\/\/site.nord.no\/diginn\/?p=711"},"modified":"2025-03-02T19:23:34","modified_gmt":"2025-03-02T18:23:34","slug":"de-manglende-entreprenorene","status":"publish","type":"post","link":"https:\/\/site.nord.no\/diginn\/2025\/03\/02\/de-manglende-entreprenorene\/","title":{"rendered":"De manglende entrepren\u00f8rene"},"content":{"rendered":"\n<p><\/p>\n\n\n\n<p><strong>Av Lill-Beathe H\u00e5pnes<\/strong><\/p>\n\n\n\n<p><em>Innlegget er publisert i Tr\u00f8nder-Avisa<\/em><\/p>\n\n\n\n<p><strong>Hadde alle&nbsp;<\/strong>grupper i samfunnet v\u00e6rt like aktive til \u00e5 starte nye virksomheter som menn i alderen 30 til 49 \u00e5r, ja da ville det v\u00e6rt 41,6 millioner flere gr\u00fcndere til sammen i EU og i OECD-landene. Hvor er s\u00e5 tiltakene for \u00abThe missing entrepreneurs\u00bb i regjeringen sin gr\u00fcndermelding? Og hvorfor er det ingen som snakker om dette potensialet?<\/p>\n\n\n\n<p><a href=\"https:\/\/www.tronderdebatt.no\/de-manglende-entreprenorene\/o\/5-116-2065794\">Les mer<\/a><\/p>\n\n\n\n<p><\/p>\n","protected":false},"excerpt":{"rendered":"<p>Av Lill-Beathe H\u00e5pnes Innlegget er publisert i Tr\u00f8nder-Avisa Hadde alle&nbsp;grupper i samfunnet v\u00e6rt like aktive til \u00e5 starte nye virksomheter som menn i alderen 30 til 49 \u00e5r, ja da ville det v\u00e6rt 41,6 millioner flere gr\u00fcndere til sammen i EU og i OECD-landene. Hvor er s\u00e5 tiltakene for \u00abThe missing entrepreneurs\u00bb i regjeringen sin &hellip; <\/p>\n<p class=\"link-more\"><a href=\"https:\/\/site.nord.no\/diginn\/2025\/03\/02\/de-manglende-entreprenorene\/\" class=\"more-link\">Fortsett \u00e5 lese<span class=\"screen-reader-text\"> \u00abDe manglende entrepren\u00f8rene\u00bb<\/span><\/a><\/p>\n","protected":false},"author":16,"featured_media":715,"comment_status":"closed","ping_status":"open","sticky":false,"template":"","format":"standard","meta":{"footnotes":""},"categories":[1],"tags":[],"coauthors":[21],"class_list":["post-711","post","type-post","status-publish","format-standard","has-post-thumbnail","hentry","category-blogg"],"_links":{"self":[{"href":"https:\/\/site.nord.no\/diginn\/wp-json\/wp\/v2\/posts\/711","targetHints":{"allow":["GET"]}}],"collection":[{"href":"https:\/\/site.nord.no\/diginn\/wp-json\/wp\/v2\/posts"}],"about":[{"href":"https:\/\/site.nord.no\/diginn\/wp-json\/wp\/v2\/types\/post"}],"author":[{"embeddable":true,"href":"https:\/\/site.nord.no\/diginn\/wp-json\/wp\/v2\/users\/16"}],"replies":[{"embeddable":true,"href":"https:\/\/site.nord.no\/diginn\/wp-json\/wp\/v2\/comments?post=711"}],"version-history":[{"count":3,"href":"https:\/\/site.nord.no\/diginn\/wp-json\/wp\/v2\/posts\/711\/revisions"}],"predecessor-version":[{"id":722,"href":"https:\/\/site.nord.no\/diginn\/wp-json\/wp\/v2\/posts\/711\/revisions\/722"}],"wp:featuredmedia":[{"embeddable":true,"href":"https:\/\/site.nord.no\/diginn\/wp-json\/wp\/v2\/media\/715"}],"wp:attachment":[{"href":"https:\/\/site.nord.no\/diginn\/wp-json\/wp\/v2\/media?parent=711"}],"wp:term":[{"taxonomy":"category","embeddable":true,"href":"https:\/\/site.nord.no\/diginn\/wp-json\/wp\/v2\/categories?post=711"},{"taxonomy":"post_tag","embeddable":true,"href":"https:\/\/site.nord.no\/diginn\/wp-json\/wp\/v2\/tags?post=711"},{"taxonomy":"author","embeddable":true,"href":"https:\/\/site.nord.no\/diginn\/wp-json\/wp\/v2\/coauthors?post=711"}],"curies":[{"name":"wp","href":"https:\/\/api.w.org\/{rel}","templated":true}]}}