{"id":718,"date":"2025-03-02T14:04:59","date_gmt":"2025-03-02T13:04:59","guid":{"rendered":"https:\/\/site.nord.no\/diginn\/?p=718"},"modified":"2025-03-02T19:24:00","modified_gmt":"2025-03-02T18:24:00","slug":"vi-ma-tenke-visjonaert-og-klokt-om-begrepet-stotte","status":"publish","type":"post","link":"https:\/\/site.nord.no\/diginn\/2025\/03\/02\/vi-ma-tenke-visjonaert-og-klokt-om-begrepet-stotte\/","title":{"rendered":"Vi m\u00e5 tenke visjon\u00e6rt og klokt om begrepet \u00abst\u00f8tte\u00bb"},"content":{"rendered":"\n<p><strong>Av Lill-Beathe H\u00e5pnes<\/strong><\/p>\n\n\n\n<p><em>Innlegget er publisert i Tr\u00f8nder-Avisa<\/em><\/p>\n\n\n\n<p><strong>Vi h\u00f8rer<\/strong>&nbsp;det rundt oss hele tiden. Vi m\u00e5 st\u00f8tte frivilligheten, fordi den er en b\u00e6rebjelke i samfunnet v\u00e5rt, som bidrar til fellesskap, engasjement og god psykisk helse. Vi m\u00e5 st\u00f8tte bedrifter i nedgangstider, for de er grunnlaget for \u00f8konomien v\u00e5r og sikrer arbeidsplasser som holder lokalsamfunnene levende. Vi m\u00e5 st\u00f8tte barna, for \u00e5 skape trygge, selvstendige og nysgjerrige individer som kan vokse opp og bidra til fremtidens samfunn.<\/p>\n\n\n\n<p><a href=\"https:\/\/www.tronderdebatt.no\/vi-ma-tenke-visjonart-og-klokt-om-begrepet-stotte\/o\/5-116-2023705\">Les mer<\/a><\/p>\n","protected":false},"excerpt":{"rendered":"<p>Av Lill-Beathe H\u00e5pnes Innlegget er publisert i Tr\u00f8nder-Avisa Vi h\u00f8rer&nbsp;det rundt oss hele tiden. Vi m\u00e5 st\u00f8tte frivilligheten, fordi den er en b\u00e6rebjelke i samfunnet v\u00e5rt, som bidrar til fellesskap, engasjement og god psykisk helse. Vi m\u00e5 st\u00f8tte bedrifter i nedgangstider, for de er grunnlaget for \u00f8konomien v\u00e5r og sikrer arbeidsplasser som holder lokalsamfunnene levende. &hellip; <\/p>\n<p class=\"link-more\"><a href=\"https:\/\/site.nord.no\/diginn\/2025\/03\/02\/vi-ma-tenke-visjonaert-og-klokt-om-begrepet-stotte\/\" class=\"more-link\">Fortsett \u00e5 lese<span class=\"screen-reader-text\"> \u00abVi m\u00e5 tenke visjon\u00e6rt og klokt om begrepet \u00abst\u00f8tte\u00bb\u00bb<\/span><\/a><\/p>\n","protected":false},"author":16,"featured_media":719,"comment_status":"closed","ping_status":"open","sticky":false,"template":"","format":"standard","meta":{"footnotes":""},"categories":[1],"tags":[],"coauthors":[21],"class_list":["post-718","post","type-post","status-publish","format-standard","has-post-thumbnail","hentry","category-blogg"],"_links":{"self":[{"href":"https:\/\/site.nord.no\/diginn\/wp-json\/wp\/v2\/posts\/718","targetHints":{"allow":["GET"]}}],"collection":[{"href":"https:\/\/site.nord.no\/diginn\/wp-json\/wp\/v2\/posts"}],"about":[{"href":"https:\/\/site.nord.no\/diginn\/wp-json\/wp\/v2\/types\/post"}],"author":[{"embeddable":true,"href":"https:\/\/site.nord.no\/diginn\/wp-json\/wp\/v2\/users\/16"}],"replies":[{"embeddable":true,"href":"https:\/\/site.nord.no\/diginn\/wp-json\/wp\/v2\/comments?post=718"}],"version-history":[{"count":2,"href":"https:\/\/site.nord.no\/diginn\/wp-json\/wp\/v2\/posts\/718\/revisions"}],"predecessor-version":[{"id":776,"href":"https:\/\/site.nord.no\/diginn\/wp-json\/wp\/v2\/posts\/718\/revisions\/776"}],"wp:featuredmedia":[{"embeddable":true,"href":"https:\/\/site.nord.no\/diginn\/wp-json\/wp\/v2\/media\/719"}],"wp:attachment":[{"href":"https:\/\/site.nord.no\/diginn\/wp-json\/wp\/v2\/media?parent=718"}],"wp:term":[{"taxonomy":"category","embeddable":true,"href":"https:\/\/site.nord.no\/diginn\/wp-json\/wp\/v2\/categories?post=718"},{"taxonomy":"post_tag","embeddable":true,"href":"https:\/\/site.nord.no\/diginn\/wp-json\/wp\/v2\/tags?post=718"},{"taxonomy":"author","embeddable":true,"href":"https:\/\/site.nord.no\/diginn\/wp-json\/wp\/v2\/coauthors?post=718"}],"curies":[{"name":"wp","href":"https:\/\/api.w.org\/{rel}","templated":true}]}}