{"id":777,"date":"2025-03-02T14:00:00","date_gmt":"2025-03-02T13:00:00","guid":{"rendered":"https:\/\/site.nord.no\/diginn\/?p=777"},"modified":"2025-03-02T19:32:41","modified_gmt":"2025-03-02T18:32:41","slug":"some-og-psykisk-helse","status":"publish","type":"post","link":"https:\/\/site.nord.no\/diginn\/2025\/03\/02\/some-og-psykisk-helse\/","title":{"rendered":"SoMe og psykisk helse"},"content":{"rendered":"\n<p><strong>Av <em>Lars Molden,  Daniel Weiss, Erik R. Sund, Morten A. Krokstad og Steinar Krokstad<\/em><\/strong><\/p>\n\n\n\n<p><em>Innlegget er publisert p\u00e5 Forskersonen<\/em><\/p>\n\n\n\n<p>Det p\u00e5g\u00e5r en stille pandemi. Et utbrudd av angst og depresjon blant unge. En st\u00f8yende akademisk diskusjon dreier seg om hva \u00e5rsakene kan v\u00e6re. Indikasjonene p\u00e5 sammenhengen mellom mobilbruk og psykisk helse i ungdomsbefolkningen vokser betydelig. Vi st\u00e5r overfor en pandemi vi ikke kan overse. I korte trekk ser vi alvorlig forverring av barn og unges psykiske helse og livskvalitet fra 2012 og frem til i dag.\u00a0<\/p>\n\n\n\n<p><a href=\"https:\/\/www.forskersonen.no\/barn-og-ungdom-helse-kronikk\/sosiale-medier-skader-unges-psykiske-helse-og-jenter-rammes-hardere-enn-gutter\/2390136\">Les mer<\/a><\/p>\n\n\n\n<p><\/p>\n","protected":false},"excerpt":{"rendered":"<p>Av Lars Molden, Daniel Weiss, Erik R. Sund, Morten A. Krokstad og Steinar Krokstad Innlegget er publisert p\u00e5 Forskersonen Det p\u00e5g\u00e5r en stille pandemi. Et utbrudd av angst og depresjon blant unge. En st\u00f8yende akademisk diskusjon dreier seg om hva \u00e5rsakene kan v\u00e6re. Indikasjonene p\u00e5 sammenhengen mellom mobilbruk og psykisk helse i ungdomsbefolkningen vokser betydelig. &hellip; <\/p>\n<p class=\"link-more\"><a href=\"https:\/\/site.nord.no\/diginn\/2025\/03\/02\/some-og-psykisk-helse\/\" class=\"more-link\">Fortsett \u00e5 lese<span class=\"screen-reader-text\"> \u00abSoMe og psykisk helse\u00bb<\/span><\/a><\/p>\n","protected":false},"author":16,"featured_media":778,"comment_status":"closed","ping_status":"open","sticky":false,"template":"","format":"standard","meta":{"footnotes":""},"categories":[1],"tags":[],"coauthors":[21],"class_list":["post-777","post","type-post","status-publish","format-standard","has-post-thumbnail","hentry","category-blogg"],"_links":{"self":[{"href":"https:\/\/site.nord.no\/diginn\/wp-json\/wp\/v2\/posts\/777","targetHints":{"allow":["GET"]}}],"collection":[{"href":"https:\/\/site.nord.no\/diginn\/wp-json\/wp\/v2\/posts"}],"about":[{"href":"https:\/\/site.nord.no\/diginn\/wp-json\/wp\/v2\/types\/post"}],"author":[{"embeddable":true,"href":"https:\/\/site.nord.no\/diginn\/wp-json\/wp\/v2\/users\/16"}],"replies":[{"embeddable":true,"href":"https:\/\/site.nord.no\/diginn\/wp-json\/wp\/v2\/comments?post=777"}],"version-history":[{"count":1,"href":"https:\/\/site.nord.no\/diginn\/wp-json\/wp\/v2\/posts\/777\/revisions"}],"predecessor-version":[{"id":779,"href":"https:\/\/site.nord.no\/diginn\/wp-json\/wp\/v2\/posts\/777\/revisions\/779"}],"wp:featuredmedia":[{"embeddable":true,"href":"https:\/\/site.nord.no\/diginn\/wp-json\/wp\/v2\/media\/778"}],"wp:attachment":[{"href":"https:\/\/site.nord.no\/diginn\/wp-json\/wp\/v2\/media?parent=777"}],"wp:term":[{"taxonomy":"category","embeddable":true,"href":"https:\/\/site.nord.no\/diginn\/wp-json\/wp\/v2\/categories?post=777"},{"taxonomy":"post_tag","embeddable":true,"href":"https:\/\/site.nord.no\/diginn\/wp-json\/wp\/v2\/tags?post=777"},{"taxonomy":"author","embeddable":true,"href":"https:\/\/site.nord.no\/diginn\/wp-json\/wp\/v2\/coauthors?post=777"}],"curies":[{"name":"wp","href":"https:\/\/api.w.org\/{rel}","templated":true}]}}