{"id":214,"date":"2025-09-16T20:55:11","date_gmt":"2025-09-16T18:55:11","guid":{"rendered":"https:\/\/site.nord.no\/interreg\/?p=214"},"modified":"2025-09-16T20:58:47","modified_gmt":"2025-09-16T18:58:47","slug":"fysisk-samling-i-bodo-2-og-3-september-i-emnet-skolehagen-som-laeringsarena","status":"publish","type":"post","link":"https:\/\/site.nord.no\/interreg\/2025\/09\/16\/fysisk-samling-i-bodo-2-og-3-september-i-emnet-skolehagen-som-laeringsarena\/","title":{"rendered":"Samling i emnet Skolehagen som l\u00e6ringsarena                                 &#8211;  Bod\u00f8 2. og 3. september"},"content":{"rendered":"\n<p>Tirsdag og onsdag uke 36 ble den fysiske samlingen i emnet Skolehagen som l\u00e6ringsarena gjennomf\u00f8rt i Bod\u00f8. Milj\u00f8huset ved V\u00e5g\u00f8nes g\u00e5rd huset deltagerne disse dagene. Her deltok 16 studenter sammen med en representant fra L\u00e4nsstyrelsen i Norrbotten l\u00e4nsstyrelse, Elisabeth \u00d6berg, en representant fra Bod\u00f8 kommune, Camilla Helgesen, samt to fra Nord universitet; Anna Marie Holand og Grete Modell Grande.<\/p>\n\n\n\n<p>Temaet for samlingen var innh\u00f8sting, entrepren\u00f8rskap, lage mat med r\u00e5varer fra skolehagen, samt konservering.<\/p>\n\n\n\n<figure class=\"wp-block-image size-full is-resized\"><img loading=\"lazy\" decoding=\"async\" width=\"4032\" height=\"3024\" src=\"https:\/\/site.nord.no\/interreg\/wp-content\/uploads\/sites\/73\/2025\/09\/IMG_4623.jpg\" alt=\"\" class=\"wp-image-215\" style=\"width:472px;height:auto\" \/><figcaption class=\"wp-element-caption\">Studentene samlet i Milj\u00f8huset. Foto: Grete Modell Grande. <\/figcaption><\/figure>\n\n\n\n<h2 class=\"wp-block-heading\">Dag 1 p\u00e5 samlingen<\/h2>\n\n\n\n<p>Bes\u00f8k til Bod\u00f8 \u00f8kologiske bes\u00f8kshage (B\u00d8B) med omvisning og innh\u00f8sting av r\u00e5varer derfra. Deltagerne tilberedte felles lunsj med fokus p\u00e5 r\u00e5varebasert matlaging av innh\u00f8stet r\u00e5varer fra B\u00d8B. Maten ble tilberedt b\u00e5de inne og ute. Studentene tilberedte ulike retter, og maten ble satt fram slik at alle kunne smake p\u00e5 alle rettene.<\/p>\n\n\n\n<p>Etter lunsj var det omvisning i V\u00e5g\u00f8nes andelslandbruk med to representanter derfra. Dagen<s>s <\/s>ble avsluttet med foredrag og inspirasjon i temaet konservering med Eirinn Sj\u00e5vik fra Sj\u00e5vik Kulturformidling. Eirinn hadde med seg ulike smakspr\u00f8ver og produkter for salg.<\/p>\n\n\n\n<figure class=\"wp-block-gallery has-nested-images columns-default is-cropped wp-block-gallery-1 is-layout-flex wp-block-gallery-is-layout-flex\">\n<figure class=\"wp-block-image size-large\"><img loading=\"lazy\" decoding=\"async\" width=\"4032\" height=\"3024\" data-id=\"216\" src=\"https:\/\/site.nord.no\/interreg\/wp-content\/uploads\/sites\/73\/2025\/09\/IMG_4625.jpg\" alt=\"\" class=\"wp-image-216\" \/><figcaption class=\"wp-element-caption\">Fra bes\u00f8ket i Bod\u00f8 \u00f8kologiske bes\u00f8kshage. Foto: Grete Modell Grande.<\/figcaption><\/figure>\n\n\n\n<figure class=\"wp-block-image size-large\"><img loading=\"lazy\" decoding=\"async\" width=\"4032\" height=\"3024\" data-id=\"217\" src=\"https:\/\/site.nord.no\/interreg\/wp-content\/uploads\/sites\/73\/2025\/09\/IMG_4630.jpg\" alt=\"\" class=\"wp-image-217\" \/><figcaption class=\"wp-element-caption\">H\u00f8sting fra Bod\u00f8 \u00f8kologiske bes\u00f8kshage. Foto: Grete Modell Grande.  <\/figcaption><\/figure>\n<\/figure>\n\n\n\n<div class=\"wp-block-columns is-layout-flex wp-container-core-columns-is-layout-9d6595d7 wp-block-columns-is-layout-flex\">\n<div class=\"wp-block-column is-layout-flow wp-block-column-is-layout-flow\" style=\"flex-basis:100%\"><\/div>\n<\/div>\n\n\n\n<figure class=\"wp-block-gallery has-nested-images columns-default is-cropped wp-block-gallery-2 is-layout-flex wp-block-gallery-is-layout-flex\">\n<figure class=\"wp-block-image size-large\"><img loading=\"lazy\" decoding=\"async\" width=\"4032\" height=\"3024\" data-id=\"219\" src=\"https:\/\/site.nord.no\/interreg\/wp-content\/uploads\/sites\/73\/2025\/09\/IMG_4685.jpg\" alt=\"\" class=\"wp-image-219\" \/><figcaption class=\"wp-element-caption\">Maten ble laget b\u00e5de inne og ute. Foto: Grete Modell Grande.<\/figcaption><\/figure>\n\n\n\n<figure class=\"wp-block-image size-large\"><img loading=\"lazy\" decoding=\"async\" width=\"798\" height=\"598\" data-id=\"234\" src=\"https:\/\/site.nord.no\/interreg\/wp-content\/uploads\/sites\/73\/2025\/09\/Bilde1.jpg\" alt=\"\" class=\"wp-image-234\" \/><figcaption class=\"wp-element-caption\">Studentene lager felles lunsj fra r\u00e5varer h\u00f8stet fra Bod\u00f8 \u00f8kologiske bes\u00f8kshage. Foto: Grete Modell Grande.  <\/figcaption><\/figure>\n\n\n\n<figure class=\"wp-block-image size-large\"><img loading=\"lazy\" decoding=\"async\" width=\"4032\" height=\"3024\" data-id=\"223\" src=\"https:\/\/site.nord.no\/interreg\/wp-content\/uploads\/sites\/73\/2025\/09\/IMG_4711.jpg\" alt=\"\" class=\"wp-image-223\" \/><figcaption class=\"wp-element-caption\">Konserverte produkter av Eirinn Sj\u00e5vik. Foto: Grete Modell Grande.<\/figcaption><\/figure>\n<\/figure>\n\n\n\n<figure class=\"wp-block-gallery has-nested-images columns-default is-cropped wp-block-gallery-3 is-layout-flex wp-block-gallery-is-layout-flex\">\n<figure class=\"wp-block-image size-large\"><img loading=\"lazy\" decoding=\"async\" width=\"2019\" height=\"1926\" data-id=\"232\" src=\"https:\/\/site.nord.no\/interreg\/wp-content\/uploads\/sites\/73\/2025\/09\/IMG_4745.jpg\" alt=\"\" class=\"wp-image-232\" \/><figcaption class=\"wp-element-caption\"><sub>Rett fra felles lunsj med fra r\u00e5varer h\u00f8stet fra Bod\u00f8 \u00f8kologiske bes\u00f8kshage. Foto: Grete Modell Grande. <\/sub><\/figcaption><\/figure>\n\n\n\n<figure class=\"wp-block-image size-large\"><img loading=\"lazy\" decoding=\"async\" width=\"4032\" height=\"3024\" data-id=\"221\" src=\"https:\/\/site.nord.no\/interreg\/wp-content\/uploads\/sites\/73\/2025\/09\/IMG_4692.jpg\" alt=\"\" class=\"wp-image-221\" \/><figcaption class=\"wp-element-caption\"><sub>Rett fra felles lunsj med fra r\u00e5varer h\u00f8stet fra Bod\u00f8 \u00f8kologiske bes\u00f8kshage. Foto: Grete Modell Grande. <\/sub><\/figcaption><\/figure>\n\n\n\n<figure class=\"wp-block-image size-large\"><img loading=\"lazy\" decoding=\"async\" width=\"4032\" height=\"3024\" data-id=\"220\" src=\"https:\/\/site.nord.no\/interreg\/wp-content\/uploads\/sites\/73\/2025\/09\/IMG_4691.jpg\" alt=\"\" class=\"wp-image-220\" \/><figcaption class=\"wp-element-caption\"><sub>Rett fra felles lunsj med fra r\u00e5varer h\u00f8stet fra Bod\u00f8 \u00f8kologiske bes\u00f8kshage. Foto: Grete Modell Grande. <\/sub><\/figcaption><\/figure>\n<\/figure>\n\n\n\n<h2 class=\"wp-block-heading\">Dag 2 p\u00e5 samlingen<\/h2>\n\n\n\n<p>Temaet var konservering og lagring. Studentene fikk pr\u00f8ve seg p\u00e5 ulike konserveringsmetoder, der de fikk ta med seg hjem de produktene de hadde konservert. Ogs\u00e5 denne dagen ble det laget enkle retter til felles lunsj. V\u00e5g\u00f8nes parsellhager ble ogs\u00e5 bes\u00f8kt for \u00e5 f\u00e5 inspirasjon til arbeidet med skolehage.<\/p>\n\n\n\n<figure class=\"wp-block-gallery has-nested-images columns-default is-cropped wp-block-gallery-4 is-layout-flex wp-block-gallery-is-layout-flex\">\n<figure class=\"wp-block-image size-large\"><img loading=\"lazy\" decoding=\"async\" width=\"4032\" height=\"3024\" data-id=\"224\" src=\"https:\/\/site.nord.no\/interreg\/wp-content\/uploads\/sites\/73\/2025\/09\/IMG_4724.jpg\" alt=\"\" class=\"wp-image-224\" \/><figcaption class=\"wp-element-caption\"><sub>Studentene konserverer. Foto: Grete Modell Grande.<\/sub><\/figcaption><\/figure>\n\n\n\n<figure class=\"wp-block-image size-large\"><img loading=\"lazy\" decoding=\"async\" width=\"4032\" height=\"3024\" data-id=\"227\" src=\"https:\/\/site.nord.no\/interreg\/wp-content\/uploads\/sites\/73\/2025\/09\/IMG_4734.jpg\" alt=\"\" class=\"wp-image-227\" \/><figcaption class=\"wp-element-caption\"><sub>Studentene konserverer. Foto: Grete Modell Grande.<\/sub><\/figcaption><\/figure>\n<\/figure>\n\n\n\n<figure class=\"wp-block-gallery has-nested-images columns-default is-cropped wp-block-gallery-5 is-layout-flex wp-block-gallery-is-layout-flex\">\n<figure class=\"wp-block-image size-large\"><img loading=\"lazy\" decoding=\"async\" width=\"4032\" height=\"3024\" data-id=\"226\" src=\"https:\/\/site.nord.no\/interreg\/wp-content\/uploads\/sites\/73\/2025\/09\/IMG_4730.jpg\" alt=\"\" class=\"wp-image-226\" \/><figcaption class=\"wp-element-caption\">Prosessen med \u00e5 konservere. Foto: Grete Modell Grande<\/figcaption><\/figure>\n\n\n\n<figure class=\"wp-block-image size-large\"><img loading=\"lazy\" decoding=\"async\" width=\"2635\" height=\"1937\" data-id=\"225\" src=\"https:\/\/site.nord.no\/interreg\/wp-content\/uploads\/sites\/73\/2025\/09\/IMG_4728.jpg\" alt=\"\" class=\"wp-image-225\" \/><figcaption class=\"wp-element-caption\">Prosessen med \u00e5 konservere. Foto: Grete Modell Grande. <\/figcaption><\/figure>\n<\/figure>\n\n\n\n<figure class=\"wp-block-gallery has-nested-images columns-default is-cropped wp-block-gallery-6 is-layout-flex wp-block-gallery-is-layout-flex\">\n<figure class=\"wp-block-image size-large\"><img loading=\"lazy\" decoding=\"async\" width=\"4032\" height=\"3024\" data-id=\"229\" src=\"https:\/\/site.nord.no\/interreg\/wp-content\/uploads\/sites\/73\/2025\/09\/IMG_4737.jpg\" alt=\"\" class=\"wp-image-229\" \/><figcaption class=\"wp-element-caption\"><sub>Eksempler p\u00e5 konserverte produkter fra kurset. Foto: Grete Modell Grande.<\/sub><\/figcaption><\/figure>\n\n\n\n<figure class=\"wp-block-image size-large\"><img loading=\"lazy\" decoding=\"async\" width=\"4032\" height=\"3024\" data-id=\"230\" src=\"https:\/\/site.nord.no\/interreg\/wp-content\/uploads\/sites\/73\/2025\/09\/IMG_4739.jpg\" alt=\"\" class=\"wp-image-230\" \/><figcaption class=\"wp-element-caption\"><sub>Eksempler p\u00e5 konserverte produkter fra kurset. Foto: Grete Modell Grande.<\/sub><\/figcaption><\/figure>\n<\/figure>\n\n\n\n<figure class=\"wp-block-gallery has-nested-images columns-default is-cropped wp-block-gallery-7 is-layout-flex wp-block-gallery-is-layout-flex\">\n<figure class=\"wp-block-image size-large\"><img loading=\"lazy\" decoding=\"async\" width=\"4032\" height=\"3024\" data-id=\"228\" src=\"https:\/\/site.nord.no\/interreg\/wp-content\/uploads\/sites\/73\/2025\/09\/IMG_4735.jpg\" alt=\"\" class=\"wp-image-228\" \/><figcaption class=\"wp-element-caption\">Eksempler p\u00e5 konserverte produkter fra kurset. Foto: Grete Modell Grande.<\/figcaption><\/figure>\n\n\n\n<figure class=\"wp-block-image size-large\"><img loading=\"lazy\" decoding=\"async\" width=\"4032\" height=\"3024\" data-id=\"231\" src=\"https:\/\/site.nord.no\/interreg\/wp-content\/uploads\/sites\/73\/2025\/09\/IMG_4740.jpg\" alt=\"\" class=\"wp-image-231\" \/><figcaption class=\"wp-element-caption\">Eksempler p\u00e5 konserverte produkter fra kurset. Foto: Grete Modell Grande.<\/figcaption><\/figure>\n<\/figure>\n\n\n\n<p><\/p>\n","protected":false},"excerpt":{"rendered":"<p>Tirsdag og onsdag uke 36 ble den fysiske samlingen i emnet Skolehagen som l\u00e6ringsarena gjennomf\u00f8rt i Bod\u00f8. Milj\u00f8huset ved V\u00e5g\u00f8nes g\u00e5rd huset deltagerne disse dagene. Her deltok 16 studenter sammen med en representant fra L\u00e4nsstyrelsen i Norrbotten l\u00e4nsstyrelse, Elisabeth \u00d6berg, en representant fra Bod\u00f8 kommune, Camilla Helgesen, samt to fra Nord universitet; Anna Marie Holand [&hellip;]<\/p>\n","protected":false},"author":145,"featured_media":0,"comment_status":"closed","ping_status":"open","sticky":false,"template":"","format":"standard","meta":{"footnotes":""},"categories":[1],"tags":[],"coauthors":[8],"class_list":["post-214","post","type-post","status-publish","format-standard","hentry","category-ukategorisert"],"_links":{"self":[{"href":"https:\/\/site.nord.no\/interreg\/wp-json\/wp\/v2\/posts\/214","targetHints":{"allow":["GET"]}}],"collection":[{"href":"https:\/\/site.nord.no\/interreg\/wp-json\/wp\/v2\/posts"}],"about":[{"href":"https:\/\/site.nord.no\/interreg\/wp-json\/wp\/v2\/types\/post"}],"author":[{"embeddable":true,"href":"https:\/\/site.nord.no\/interreg\/wp-json\/wp\/v2\/users\/145"}],"replies":[{"embeddable":true,"href":"https:\/\/site.nord.no\/interreg\/wp-json\/wp\/v2\/comments?post=214"}],"version-history":[{"count":6,"href":"https:\/\/site.nord.no\/interreg\/wp-json\/wp\/v2\/posts\/214\/revisions"}],"predecessor-version":[{"id":239,"href":"https:\/\/site.nord.no\/interreg\/wp-json\/wp\/v2\/posts\/214\/revisions\/239"}],"wp:attachment":[{"href":"https:\/\/site.nord.no\/interreg\/wp-json\/wp\/v2\/media?parent=214"}],"wp:term":[{"taxonomy":"category","embeddable":true,"href":"https:\/\/site.nord.no\/interreg\/wp-json\/wp\/v2\/categories?post=214"},{"taxonomy":"post_tag","embeddable":true,"href":"https:\/\/site.nord.no\/interreg\/wp-json\/wp\/v2\/tags?post=214"},{"taxonomy":"author","embeddable":true,"href":"https:\/\/site.nord.no\/interreg\/wp-json\/wp\/v2\/coauthors?post=214"}],"curies":[{"name":"wp","href":"https:\/\/api.w.org\/{rel}","templated":true}]}}