{"id":257,"date":"2025-10-29T12:46:25","date_gmt":"2025-10-29T11:46:25","guid":{"rendered":"https:\/\/site.nord.no\/interreg\/?p=257"},"modified":"2025-10-29T12:46:25","modified_gmt":"2025-10-29T11:46:25","slug":"nord-universitet-deltok-pa-norges-forste-nasjonale-skolehagekonferanse","status":"publish","type":"post","link":"https:\/\/site.nord.no\/interreg\/2025\/10\/29\/nord-universitet-deltok-pa-norges-forste-nasjonale-skolehagekonferanse\/","title":{"rendered":"Nord universitet deltok p\u00e5 Norges f\u00f8rste nasjonale skolehagekonferanse"},"content":{"rendered":"\n<p>Den 24. oktober 2025 gikk Norges f\u00f8rste nasjonale skolehagekonferanse av stabelen p\u00e5 Sentralen i Oslo. Nord universitet deltok med egen stand. <\/p>\n\n\n\n<figure class=\"wp-block-image size-full\"><img loading=\"lazy\" decoding=\"async\" width=\"4032\" height=\"3024\" src=\"https:\/\/site.nord.no\/interreg\/wp-content\/uploads\/sites\/73\/2025\/10\/IMG_5109.jpg\" alt=\"\" class=\"wp-image-259\" \/><figcaption class=\"wp-element-caption\">Grete Modell Grande og Anna Marie Holand fra Nord universitet ved sin stand. Foto: Grete Modell Grande.<\/figcaption><\/figure>\n\n\n\n<p>Ved standen presenterte Grete Modell Grande og Anna Marie Holand sine skolehageprosjekter: Interreg Aurora prosjektet <em><a href=\"https:\/\/www.interregaurora.eu\/approved-projects\/food-education-for-the-future\/\" data-type=\"link\" data-id=\"https:\/\/www.interregaurora.eu\/approved-projects\/food-education-for-the-future\/\">Food Education for the Future<\/a><\/em>, 7.5 studiepoeng-emnet <a href=\"https:\/\/www.nord.no\/studier\/skolehagen-som-laeringsarena\"><em>Skolehagen som l\u00e6ringsarena<\/em><\/a> og skolehagelitteratur, blant annet boka <a href=\"https:\/\/www.universitetsforlaget.no\/skolehagen-som-laeringsarena\"><em>Skolehagen som l\u00e6ringsarena<\/em><\/a>. Bes\u00f8kende kunne ogs\u00e5 delta i en  plantequiz med premie. <\/p>\n\n\n\n<figure class=\"wp-block-image size-full\"><img loading=\"lazy\" decoding=\"async\" width=\"4032\" height=\"3024\" src=\"https:\/\/site.nord.no\/interreg\/wp-content\/uploads\/sites\/73\/2025\/10\/IMG_5106.jpg\" alt=\"\" class=\"wp-image-258\" \/><figcaption class=\"wp-element-caption\">Deltagere p\u00e5 konferansen studerer standen til Nord universitet. Foto: Grete Modell Grande. <\/figcaption><\/figure>\n\n\n\n<h2 class=\"wp-block-heading\">Om konferansen<\/h2>\n\n\n\n<blockquote class=\"wp-block-quote is-layout-flow wp-block-quote-is-layout-flow\">\n<p>&laquo;<em>I v\u00e5r urolige samtid har vi samfunnsutfordringer som s\u00e6rlig kommer til uttrykk i skolen og i barn og unges hverdag. Skolehagen kan v\u00e6re et viktig bidrag til \u00e5 l\u00f8se noen av disse utfordringene<\/em>.&raquo; <strong>Fra invitasjon til Nasjonal skolehagekonferanse 2025.  <\/strong><\/p>\n<\/blockquote>\n\n\n\n<figure class=\"wp-block-image size-full\"><img loading=\"lazy\" decoding=\"async\" width=\"3024\" height=\"1571\" src=\"https:\/\/site.nord.no\/interreg\/wp-content\/uploads\/sites\/73\/2025\/10\/IMG_5142-2.jpg\" alt=\"\" class=\"wp-image-289\" \/><figcaption class=\"wp-element-caption\">L\u00e6ring av praktisk arbeid. Hentet fra Bergens Tidende 17. oktober, sitat av Lars Mytting.<\/figcaption><\/figure>\n\n\n\n<p>Skolehagen som praktisk l\u00e6ringsarena har stor samfunnsmessig betydning og f\u00e5r stadig \u00f8kt oppmerksomhet nasjonalt.<\/p>\n\n\n\n<p>Konferansen hadde som m\u00e5l \u00e5 utforske skolehagens potensial og muligheter, og \u00e5 l\u00f8fte temaet h\u00f8yere opp p\u00e5 dagsordenen i skole og samfunn. Den samlet engasjerte deltagere fra ulike sektorer, blant annet l\u00e6rere og rektorer og andre fra skolesektoren, politikere, samt representanter fra universitets- og h\u00f8gskolesektoren, helse og jordbruk.<\/p>\n\n\n\n<p>Konferansen var mangfoldig og inspirerende, med foredrag, dialoger, workshops, stands og postere. Under konferansen ble f\u00f8lgende sp\u00f8rsm\u00e5l unders\u00f8kt og diskutert:<\/p>\n\n\n\n<p><em>Hva skal til for at skolehagen blir en varig og relevant del av norsk skolehverdag?<\/em><\/p>\n\n\n\n<p><em>Kan skolehagen bidra til en mer praktisk skole, og gi \u00f8kt mestring og trivsel for barn og unge?<\/em><\/p>\n\n\n\n<p><em>Hva kan skolehagen bidra med for fysisk og psykisk folkehelse, matberedskap og b\u00e6rekraftighet?<\/em><\/p>\n\n\n\n<figure class=\"wp-block-image size-full\"><img loading=\"lazy\" decoding=\"async\" width=\"4000\" height=\"3000\" src=\"https:\/\/site.nord.no\/interreg\/wp-content\/uploads\/sites\/73\/2025\/10\/20251024_110424.jpg\" alt=\"\" class=\"wp-image-275\" \/><figcaption class=\"wp-element-caption\">Panelsamtale: &raquo; Er skolehagen relevant for skolen, folkehelsen, beredskapen og b\u00e6rekraften? Hvor g\u00e5r veien videre for norsk skolehageutvikling?&raquo;. Foto: Anna Marie Holand.<\/figcaption><\/figure>\n\n\n\n<p>Nedenfor finner du arrang\u00f8rer og samarbeidspartnere fra hele landet som gikk sammen om \u00e5 arrangere Norges f\u00f8rste nasjonale skolehagekonferanse.  Les mer om konferansen her: <a href=\"https:\/\/site.nord.no\/interreg\/wp-content\/uploads\/sites\/73\/2025\/10\/nasjonal-skolehagekonferanse-2025.pdf\">Nasjonal skolehagekonferanse 2025<\/a>.<\/p>\n\n\n\n<figure class=\"wp-block-image size-full\"><img loading=\"lazy\" decoding=\"async\" width=\"859\" height=\"507\" src=\"https:\/\/site.nord.no\/interreg\/wp-content\/uploads\/sites\/73\/2025\/10\/partnere.png\" alt=\"\" class=\"wp-image-280\" \/><figcaption class=\"wp-element-caption\">Arrang\u00f8rer og samarbeidspartnere for Nasjonal skolehagekonferanse 2025. Hentet fra https:\/\/www.statsforvalteren.no\/contentassets\/3f091236d14b45d29f3241bf7e8c30f5\/nasjonal-skolehagekonferanse-2025.pdf   <\/figcaption><\/figure>\n\n\n\n<p><\/p>\n","protected":false},"excerpt":{"rendered":"<p>Den 24. oktober 2025 gikk Norges f\u00f8rste nasjonale skolehagekonferanse av stabelen p\u00e5 Sentralen i Oslo. Nord universitet deltok med egen stand. Ved standen presenterte Grete Modell Grande og Anna Marie Holand sine skolehageprosjekter: Interreg Aurora prosjektet Food Education for the Future, 7.5 studiepoeng-emnet Skolehagen som l\u00e6ringsarena og skolehagelitteratur, blant annet boka Skolehagen som l\u00e6ringsarena. Bes\u00f8kende [&hellip;]<\/p>\n","protected":false},"author":145,"featured_media":0,"comment_status":"closed","ping_status":"open","sticky":false,"template":"","format":"standard","meta":{"footnotes":""},"categories":[1],"tags":[],"coauthors":[8],"class_list":["post-257","post","type-post","status-publish","format-standard","hentry","category-ukategorisert"],"_links":{"self":[{"href":"https:\/\/site.nord.no\/interreg\/wp-json\/wp\/v2\/posts\/257","targetHints":{"allow":["GET"]}}],"collection":[{"href":"https:\/\/site.nord.no\/interreg\/wp-json\/wp\/v2\/posts"}],"about":[{"href":"https:\/\/site.nord.no\/interreg\/wp-json\/wp\/v2\/types\/post"}],"author":[{"embeddable":true,"href":"https:\/\/site.nord.no\/interreg\/wp-json\/wp\/v2\/users\/145"}],"replies":[{"embeddable":true,"href":"https:\/\/site.nord.no\/interreg\/wp-json\/wp\/v2\/comments?post=257"}],"version-history":[{"count":11,"href":"https:\/\/site.nord.no\/interreg\/wp-json\/wp\/v2\/posts\/257\/revisions"}],"predecessor-version":[{"id":296,"href":"https:\/\/site.nord.no\/interreg\/wp-json\/wp\/v2\/posts\/257\/revisions\/296"}],"wp:attachment":[{"href":"https:\/\/site.nord.no\/interreg\/wp-json\/wp\/v2\/media?parent=257"}],"wp:term":[{"taxonomy":"category","embeddable":true,"href":"https:\/\/site.nord.no\/interreg\/wp-json\/wp\/v2\/categories?post=257"},{"taxonomy":"post_tag","embeddable":true,"href":"https:\/\/site.nord.no\/interreg\/wp-json\/wp\/v2\/tags?post=257"},{"taxonomy":"author","embeddable":true,"href":"https:\/\/site.nord.no\/interreg\/wp-json\/wp\/v2\/coauthors?post=257"}],"curies":[{"name":"wp","href":"https:\/\/api.w.org\/{rel}","templated":true}]}}