{"id":2921,"date":"2024-10-14T12:30:35","date_gmt":"2024-10-14T10:30:35","guid":{"rendered":"https:\/\/site.nord.no\/lytring\/?p=2921"},"modified":"2024-10-18T14:08:11","modified_gmt":"2024-10-18T12:08:11","slug":"livogdod","status":"publish","type":"post","link":"https:\/\/site.nord.no\/lytring\/helse\/livogdod\/","title":{"rendered":"Er det du som skal bestemme over liv og d\u00f8d?"},"content":{"rendered":"\t\t<div data-elementor-type=\"wp-post\" data-elementor-id=\"2921\" class=\"elementor elementor-2921\" data-elementor-post-type=\"post\">\n\t\t\t\t\t\t<section class=\"elementor-section elementor-top-section elementor-element elementor-element-60b770c elementor-section-boxed elementor-section-height-default elementor-section-height-default\" data-id=\"60b770c\" data-element_type=\"section\" data-e-type=\"section\">\n\t\t\t\t\t\t<div class=\"elementor-container elementor-column-gap-default\">\n\t\t\t\t\t<div class=\"elementor-column elementor-col-100 elementor-top-column elementor-element elementor-element-1aac0ab\" data-id=\"1aac0ab\" data-element_type=\"column\" data-e-type=\"column\">\n\t\t\t<div class=\"elementor-widget-wrap elementor-element-populated\">\n\t\t\t\t\t\t<div class=\"elementor-element elementor-element-c74715a elementor-widget elementor-widget-text-editor\" data-id=\"c74715a\" data-element_type=\"widget\" data-e-type=\"widget\" data-widget_type=\"text-editor.default\">\n\t\t\t\t<div class=\"elementor-widget-container\">\n\t\t\t\t\t\t\t\t\t<h3>Hva skjer med mennesket og hva skjer med samfunnet hvis hver og en av oss skal f\u00e5 velge n\u00e5r det er greit \u00e5 d\u00f8?<\/h3>\t\t\t\t\t\t\t\t<\/div>\n\t\t\t\t<\/div>\n\t\t\t\t\t<\/div>\n\t\t<\/div>\n\t\t\t\t\t<\/div>\n\t\t<\/section>\n\t\t\t\t<section class=\"elementor-section elementor-top-section elementor-element elementor-element-9e8281e elementor-section-boxed elementor-section-height-default elementor-section-height-default\" data-id=\"9e8281e\" data-element_type=\"section\" data-e-type=\"section\">\n\t\t\t\t\t\t<div class=\"elementor-container elementor-column-gap-default\">\n\t\t\t\t\t<div class=\"elementor-column elementor-col-50 elementor-top-column elementor-element elementor-element-e5645b7\" data-id=\"e5645b7\" data-element_type=\"column\" data-e-type=\"column\">\n\t\t\t<div class=\"elementor-widget-wrap elementor-element-populated\">\n\t\t\t\t\t\t<div class=\"elementor-element elementor-element-968950f elementor-widget elementor-widget-text-editor\" data-id=\"968950f\" data-element_type=\"widget\" data-e-type=\"widget\" data-widget_type=\"text-editor.default\">\n\t\t\t\t<div class=\"elementor-widget-container\">\n\t\t\t\t\t\t\t\t\t<p><strong>Panel:<\/strong><\/p><ul><li>Tove Godskesen, professor ved Nord universitet<\/li><li>Thoralf Dj\u00f8nne Lian, forelder og etterlatt<\/li><li>Dagny Faksv\u00e5g Haugen, professor ved Universitetet i Bergen<\/li><\/ul><p><strong>Debattleder:<\/strong><\/p><ul><li>Peter Eide Walseth<\/li><\/ul>\t\t\t\t\t\t\t\t<\/div>\n\t\t\t\t<\/div>\n\t\t\t\t\t<\/div>\n\t\t<\/div>\n\t\t\t\t<div class=\"elementor-column elementor-col-50 elementor-top-column elementor-element elementor-element-ecc7bcd\" data-id=\"ecc7bcd\" data-element_type=\"column\" data-e-type=\"column\">\n\t\t\t<div class=\"elementor-widget-wrap elementor-element-populated\">\n\t\t\t\t\t\t<div class=\"elementor-element elementor-element-40815f5 elementor-widget elementor-widget-text-editor\" data-id=\"40815f5\" data-element_type=\"widget\" data-e-type=\"widget\" data-widget_type=\"text-editor.default\">\n\t\t\t\t<div class=\"elementor-widget-container\">\n\t\t\t\t\t\t\t\t\t<p><strong>Tid og sted:<\/strong><\/p><ul><li>Onsdag 16. oktober 2024 kl. 19.00-20.30.<\/li><li>Park 22, Mo i Rana<\/li><li>Debatten sendes i tillegg direkte her (video).<\/li><\/ul><p><strong>Redaksjon for denne debatten:<\/strong><\/p><ul><li>Cecilie Bratt, Vida Steiro og Rannveig Hjaltadottir.<\/li><li>Ansvarlig redakt\u00f8r er Anki Gerhardsen.<\/li><\/ul>\t\t\t\t\t\t\t\t<\/div>\n\t\t\t\t<\/div>\n\t\t\t\t\t<\/div>\n\t\t<\/div>\n\t\t\t\t\t<\/div>\n\t\t<\/section>\n\t\t\t\t<section class=\"elementor-section elementor-top-section elementor-element elementor-element-210e459 elementor-section-boxed elementor-section-height-default elementor-section-height-default\" data-id=\"210e459\" data-element_type=\"section\" data-e-type=\"section\" data-settings=\"{&quot;background_background&quot;:&quot;classic&quot;}\">\n\t\t\t\t\t\t<div class=\"elementor-container elementor-column-gap-default\">\n\t\t\t\t\t<div class=\"elementor-column elementor-col-100 elementor-top-column elementor-element elementor-element-da59aaa\" data-id=\"da59aaa\" data-element_type=\"column\" data-e-type=\"column\">\n\t\t\t<div class=\"elementor-widget-wrap elementor-element-populated\">\n\t\t\t\t\t\t<div class=\"elementor-element elementor-element-5ca5601 elementor-widget elementor-widget-text-editor\" data-id=\"5ca5601\" data-element_type=\"widget\" data-e-type=\"widget\" data-widget_type=\"text-editor.default\">\n\t\t\t\t<div class=\"elementor-widget-container\">\n\t\t\t\t\t\t\t\t\t<p style=\"text-align: center\">Tusen takk til kunstner Marta Anna L\u00f8vberg for illustrasjonen til denne Lytringen.<\/p>\n<p style=\"text-align: center\">Lytring f\u00e5r st\u00f8tte fra Fritt Ord, Nordland fylkeskommune og SpareBank 1 Nord-Norge (Samfunnsl\u00f8ftet).<\/p>\t\t\t\t\t\t\t\t<\/div>\n\t\t\t\t<\/div>\n\t\t\t\t\t<\/div>\n\t\t<\/div>\n\t\t\t\t\t<\/div>\n\t\t<\/section>\n\t\t\t\t<section class=\"elementor-section elementor-top-section elementor-element elementor-element-b32dc49 elementor-section-boxed elementor-section-height-default elementor-section-height-default\" data-id=\"b32dc49\" data-element_type=\"section\" data-e-type=\"section\">\n\t\t\t\t\t\t<div class=\"elementor-container elementor-column-gap-default\">\n\t\t\t\t\t<div class=\"elementor-column elementor-col-100 elementor-top-column elementor-element elementor-element-3be5b1c\" data-id=\"3be5b1c\" data-element_type=\"column\" data-e-type=\"column\">\n\t\t\t<div class=\"elementor-widget-wrap elementor-element-populated\">\n\t\t\t\t\t\t<div class=\"elementor-element elementor-element-2c59bba elementor-widget elementor-widget-heading\" data-id=\"2c59bba\" data-element_type=\"widget\" data-e-type=\"widget\" data-widget_type=\"heading.default\">\n\t\t\t\t<div class=\"elementor-widget-container\">\n\t\t\t\t\t<h2 class=\"elementor-heading-title elementor-size-default\">Se Lytringen her:<\/h2>\t\t\t\t<\/div>\n\t\t\t\t<\/div>\n\t\t\t\t\t<\/div>\n\t\t<\/div>\n\t\t\t\t\t<\/div>\n\t\t<\/section>\n\t\t\t\t<section class=\"elementor-section elementor-top-section elementor-element elementor-element-d471711 elementor-section-boxed elementor-section-height-default elementor-section-height-default\" data-id=\"d471711\" data-element_type=\"section\" data-e-type=\"section\">\n\t\t\t\t\t\t<div class=\"elementor-container elementor-column-gap-default\">\n\t\t\t\t\t<div class=\"elementor-column elementor-col-100 elementor-top-column elementor-element elementor-element-d1734a5\" data-id=\"d1734a5\" data-element_type=\"column\" data-e-type=\"column\">\n\t\t\t<div class=\"elementor-widget-wrap elementor-element-populated\">\n\t\t\t\t\t\t<div class=\"elementor-element elementor-element-715d82b elementor-widget elementor-widget-video\" data-id=\"715d82b\" data-element_type=\"widget\" data-e-type=\"widget\" data-settings=\"{&quot;youtube_url&quot;:&quot;https:\\\/\\\/youtu.be\\\/9p7eir1oOfA&quot;,&quot;video_type&quot;:&quot;youtube&quot;,&quot;controls&quot;:&quot;yes&quot;}\" data-widget_type=\"video.default\">\n\t\t\t\t<div class=\"elementor-widget-container\">\n\t\t\t\t\t\t\t<div class=\"elementor-wrapper elementor-open-inline\">\n\t\t\t<div class=\"elementor-video\"><\/div>\t\t<\/div>\n\t\t\t\t\t\t<\/div>\n\t\t\t\t<\/div>\n\t\t\t\t\t<\/div>\n\t\t<\/div>\n\t\t\t\t\t<\/div>\n\t\t<\/section>\n\t\t\t\t<\/div>\n\t\t","protected":false},"excerpt":{"rendered":"<p>Hva skjer med mennesket og hva skjer med samfunnet hvis hver og en av oss skal f\u00e5 velge n\u00e5r det er greit \u00e5 d\u00f8? Panel: Tove Godskesen, professor ved Nord universitet Thoralf Dj\u00f8nne Lian, forelder og etterlatt Dagny Faksv\u00e5g Haugen, professor ved Universitetet i Bergen Debattleder: Peter Eide Walseth Tid og sted: Onsdag 16. oktober [&hellip;]<\/p>\n","protected":false},"author":30,"featured_media":2932,"comment_status":"closed","ping_status":"open","sticky":false,"template":"","format":"standard","meta":{"site-sidebar-layout":"default","site-content-layout":"","ast-site-content-layout":"default","site-content-style":"default","site-sidebar-style":"default","ast-global-header-display":"","ast-banner-title-visibility":"","ast-main-header-display":"","ast-hfb-above-header-display":"","ast-hfb-below-header-display":"","ast-hfb-mobile-header-display":"","site-post-title":"","ast-breadcrumbs-content":"","ast-featured-img":"","footer-sml-layout":"","ast-disable-related-posts":"","theme-transparent-header-meta":"","adv-header-id-meta":"","stick-header-meta":"","header-above-stick-meta":"","header-main-stick-meta":"","header-below-stick-meta":"","astra-migrate-meta-layouts":"set","ast-page-background-enabled":"default","ast-page-background-meta":{"desktop":{"background-color":"","background-image":"","background-repeat":"repeat","background-position":"center center","background-size":"auto","background-attachment":"scroll","background-type":"","background-media":"","overlay-type":"","overlay-color":"","overlay-opacity":"","overlay-gradient":""},"tablet":{"background-color":"","background-image":"","background-repeat":"repeat","background-position":"center center","background-size":"auto","background-attachment":"scroll","background-type":"","background-media":"","overlay-type":"","overlay-color":"","overlay-opacity":"","overlay-gradient":""},"mobile":{"background-color":"","background-image":"","background-repeat":"repeat","background-position":"center center","background-size":"auto","background-attachment":"scroll","background-type":"","background-media":"","overlay-type":"","overlay-color":"","overlay-opacity":"","overlay-gradient":""}},"ast-content-background-meta":{"desktop":{"background-color":"var(--ast-global-color-5)","background-image":"","background-repeat":"repeat","background-position":"center center","background-size":"auto","background-attachment":"scroll","background-type":"","background-media":"","overlay-type":"","overlay-color":"","overlay-opacity":"","overlay-gradient":""},"tablet":{"background-color":"var(--ast-global-color-5)","background-image":"","background-repeat":"repeat","background-position":"center center","background-size":"auto","background-attachment":"scroll","background-type":"","background-media":"","overlay-type":"","overlay-color":"","overlay-opacity":"","overlay-gradient":""},"mobile":{"background-color":"var(--ast-global-color-5)","background-image":"","background-repeat":"repeat","background-position":"center center","background-size":"auto","background-attachment":"scroll","background-type":"","background-media":"","overlay-type":"","overlay-color":"","overlay-opacity":"","overlay-gradient":""}},"footnotes":""},"categories":[38],"tags":[],"coauthors":[4],"class_list":["post-2921","post","type-post","status-publish","format-standard","has-post-thumbnail","hentry","category-helse"],"_links":{"self":[{"href":"https:\/\/site.nord.no\/lytring\/wp-json\/wp\/v2\/posts\/2921","targetHints":{"allow":["GET"]}}],"collection":[{"href":"https:\/\/site.nord.no\/lytring\/wp-json\/wp\/v2\/posts"}],"about":[{"href":"https:\/\/site.nord.no\/lytring\/wp-json\/wp\/v2\/types\/post"}],"author":[{"embeddable":true,"href":"https:\/\/site.nord.no\/lytring\/wp-json\/wp\/v2\/users\/30"}],"replies":[{"embeddable":true,"href":"https:\/\/site.nord.no\/lytring\/wp-json\/wp\/v2\/comments?post=2921"}],"version-history":[{"count":35,"href":"https:\/\/site.nord.no\/lytring\/wp-json\/wp\/v2\/posts\/2921\/revisions"}],"predecessor-version":[{"id":2965,"href":"https:\/\/site.nord.no\/lytring\/wp-json\/wp\/v2\/posts\/2921\/revisions\/2965"}],"wp:featuredmedia":[{"embeddable":true,"href":"https:\/\/site.nord.no\/lytring\/wp-json\/wp\/v2\/media\/2932"}],"wp:attachment":[{"href":"https:\/\/site.nord.no\/lytring\/wp-json\/wp\/v2\/media?parent=2921"}],"wp:term":[{"taxonomy":"category","embeddable":true,"href":"https:\/\/site.nord.no\/lytring\/wp-json\/wp\/v2\/categories?post=2921"},{"taxonomy":"post_tag","embeddable":true,"href":"https:\/\/site.nord.no\/lytring\/wp-json\/wp\/v2\/tags?post=2921"},{"taxonomy":"author","embeddable":true,"href":"https:\/\/site.nord.no\/lytring\/wp-json\/wp\/v2\/coauthors?post=2921"}],"curies":[{"name":"wp","href":"https:\/\/api.w.org\/{rel}","templated":true}]}}