{"id":1015,"date":"2023-08-25T09:31:51","date_gmt":"2023-08-25T07:31:51","guid":{"rendered":"https:\/\/site.nord.no\/response\/?p=1015"},"modified":"2023-08-25T09:31:51","modified_gmt":"2023-08-25T07:31:51","slug":"issa-2023-konferanserapport","status":"publish","type":"post","link":"https:\/\/site.nord.no\/response\/2023\/08\/25\/issa-2023-konferanserapport\/","title":{"rendered":"ISSA 2023 &#8211; Konferanserapport"},"content":{"rendered":"\n<p>RESPONSE har deltatt p\u00e5 den 57ende Verdenskongressen for idrettssosiologi i Ottawa, Canada! I august reiste Frida W\u00e5gan, Sigbj\u00f8rn Skirbekk, Mads Skauge, Anna Adlwarth, Stian R\u00f8sten og Anne Tj\u00f8nndal til University of Ottawa. Her kan du lese om v\u00e5r konferanseopplevelse!<\/p>\n\n\n\n<figure class=\"wp-block-image size-full\"><img fetchpriority=\"high\" decoding=\"async\" width=\"4032\" height=\"3024\" src=\"https:\/\/site.nord.no\/response\/wp-content\/uploads\/sites\/56\/2023\/08\/image-3.png\" alt=\"\" class=\"wp-image-1016\" \/><\/figure>\n\n\n\n<p><strong>Mandag 14. august:<\/strong>\u00a0<\/p>\n\n\n\n<p>For v\u00e5r del startet den f\u00f8rste dagen av konferansen startet med at Anne deltok p\u00e5 m\u00f8tet i redaksjonsr\u00e5det for det vitenskapelige tidsskriftet <em>International Review for the Sociology of Sport<\/em>. Dette var det siste redaksjonsr\u00e5det som holdes av den n\u00e5v\u00e6rende redakt\u00f8ren professor Dominic Malcolm (Loughborough University, England). Tidsskriftet har v\u00e6rt sv\u00e6rt veldrevet under professor Malcolms ledelse og er en av de mest anerkjente idrettssosiologiske tidsskriftene i verden. Den nye redakt\u00f8ren for IRSS blir Dr. Brent Mcdonald (Victoria University, Australia).&nbsp;&nbsp;<\/p>\n\n\n\n<p>P\u00e5 ettermiddagen ble konferansedeltakerne fra hele verden \u00f8nsket velkommen av lederen for den lokale organisasjonskomiteen, professor Christine Dallaire og dekanen for fakultetet for helsevitenskap ved uOttawa. Konferansens Key Note var et fengslende foredrag holdt av doktorgradsstipendiat Ashraf Amiri (University of Massachusetts Boston) og professor Jay Scherer (University of Alberta) om <em>Physical Culture, Forced Migration, and Resettlement: Lessons From the Kabul-Edmonton Soccer Team<\/em>. Forelesningen deres illustrerte den viktige rollen idretten spiller i livene til flyktninger, og hvordan den kan fungere som et verkt\u00f8y i helbredelsen av traumatiske opplevelser for barn og ungdom. Den eksemplifiserte ogs\u00e5 hvordan idrett ikke automatisk fungerer som en god integreringsarena, men er noe som krever innsats fra dedikerte personer. Stipendiat Amiri var selv en av flyktningene fra Kabul som endte opp i Edmonton, Canada. Det var en tankevekkende start p\u00e5 konferansen, og la grunnlaget for dager fylt med berikende diskusjoner og verdifulle innsikter om idrett og samfunn.&nbsp;&nbsp;<\/p>\n\n\n\n<p><strong>Tirsdag 15. august:<\/strong>\u00a0<\/p>\n\n\n\n<p>Dag to av konferansen begynte med de f\u00f8rste parallellsesjonene der forskere fra hele verden presenterer sine forskningsprosjekter. Presentasjonene foregikk spredt p\u00e5 7 tematiske sesjoner, s\u00e5 her var det en utfordring \u00e5 f\u00e5 med seg alt man hadde lyst til! Derfor delte vi oss opp og fikk h\u00f8re presentasjoner om temaer som idrett og kj\u00f8nn, fysisk aktivitet og skole, idrett og politikk og mer. Etter halvannen time med presentasjoner m\u00f8ttes RESPONSE til en kaffepause f\u00f8r vi gikk til neste programpost: paneldiskusjon med ulike kanadiske organisasjoner som arbeider med inkludering av minoriteter i idrettsaktivitet. Det var mange interessante diskusjoner og fokuset var spesielt rettet mot ting vi som driver forskning med frivillige organisasjoner og minoriteter b\u00f8r tenke over. Her var det mye \u00e5 l\u00e6re!&nbsp;&nbsp;<\/p>\n\n\n\n<p>Etter lunsj var det tid for den f\u00f8rste REPONSE-presentasjonen i konferansen. Sigbj\u00f8rn presenterte en artikkel fra sitt doktorgradsprosjekt i den andre sesjonen <em>idrett og kj\u00f8nn<\/em>. Presentasjonen handlet om betydningen av kj\u00f8nn og teknologi n\u00e5r toppfotballdommere skal utdannes i videod\u00f8mming (VAR). I etterkant av presentasjonen fikk Sigbj\u00f8rn mange interessante sp\u00f8rsm\u00e5l og innspill fra publikum i salen, som han tar med seg i det videre arbeidet. I tillegg kunne han n\u00e5 senke skuldrene og se fram til \u00e5 se mange spennende presentasjoner i l\u00f8pet av uken. Etter en lang dag p\u00e5 universitet i Ottawa utforsket vi byen b\u00e5de med og uten l\u00f8pesko. Dagen ble avsluttet med en felles middag p\u00e5 kvelden der vi diskuterte dagens presentasjoner, og ikke minst de som fortsatt skulle komme.&nbsp;&nbsp;<\/p>\n\n\n\n<p><strong>Onsdag 16. august:<\/strong>\u00a0<\/p>\n\n\n\n<p>P\u00e5 dag tre av konferansen var det som p\u00e5 dag to, lagt opp til parallelle sesjoner fokusert p\u00e5 en rekke forskjellige idrettssosiologiske tema. RESPONSE var godt representert i ulike sesjoner fordelt utover dagen her innen temaene \u2018Sport and the Environment\u2019, \u2018Sport and Gender\u2019 og \u2018Youth Sport\u2019. Frida var f\u00f8rst ute i f\u00f8rste sesjon p\u00e5 \u2018Sport and the Environment\u2019 med sin presentasjon milj\u00f8diskurser innen internasjonal fotball, med s\u00e6rlig fokus p\u00e5 hvordan milj\u00f8organisasjoner og ut\u00f8veraktivisme omkring milj\u00f8sp\u00f8rsm\u00e5l utfordrer internasjonale forbunds innramming av milj\u00f8messig b\u00e6rekraft. Videre fulgte Anna med sin presentasjon \u2018Gender neutural sports Martial Arts figths in German local communities\u2019 i \u2018Sport and Gender\u2019-sesjonen og Mads presentasjon \u2018\u2019 i sesjonen \u2018Youth sport\u2019. Anna fokuserte p\u00e5 hvordan kj\u00f8nnsn\u00f8ytrale kampsportkamper i lokalsamfunn i Tyskland kan v\u00e6re med p\u00e5 \u00e5 dekonstruere tradisjonelle kj\u00f8nnsforst\u00e5elser i sin presentasjon, mens Mads presentasjon handlet om hvordan Breaking har blitt innf\u00f8rt som en egen idrett i OL, og hvordan dette har f\u00f8rt til en \u2018sportifisering\u2019 av breaking med fokus p\u00e5 kvantifiserbare prestasjoner, profesjonalisering av trener- og ut\u00f8ver-rollen, og mer byr\u00e5kratiske styringsmetoder i grupper\/klubber og forbund. To veldig interessante presentasjoner som ble m\u00f8tt med mange gode kommentarer og engasjement blant publikum.&nbsp;<\/p>\n\n\n\n<p>Siden v\u00e5r alles kj\u00e6re forskningsgruppeleder Anne hadde bursdag ble kvelden brukt p\u00e5 middag og bursdagsfeiring p\u00e5 \u2018The Clarendon Tavern\u2019 for store deler av forskningsgruppa. God mat og hyggelige folk blir sjelden feil, og alt i alt ble den en veldig fin kveld. Frida utnyttet heller finv\u00e6ret til en hike til \u2018Kingswood Cottage\u2019 og \u2018Pink Lake\u2019 oppe i Parc de Gatinau&nbsp; med doktorgradsstudent Julia fra University of British Columbia. Et omr\u00e5de som ligger ca. en time utenfor byen som virkelig anbefales \u00e5 utforske for alle som er glad i fin natur og bes\u00f8ker Ottawa. Samtlige av gjengen var slitne etter en fin onsdag med mange inntrykk og tok tidlig kveld for \u00e5 lade opp til nye presentasjoner og mere morro p\u00e5 dag 4 av konferansen.&nbsp;<\/p>\n\n\n\n<p><strong>Torsdag 17. august:<\/strong>\u00a0<\/p>\n\n\n\n<p>Morgenen etter en trivelig bursdagsfeiring, var jubilanten Anne klar for \u00e5 presentere ett av mange sine p\u00e5g\u00e5ende forskningsprosjekter. Noks\u00e5 passende ble denne parrallelsesjonen om \u2018trenere og pedagogikk\u2019 avholdt i et innovativt l\u00e6ringsrom p\u00e5 universitetet, fylt med flere sm\u00e5 sitte\u00f8yer, PC-skjermer og andre mulige forstyrrelser. Her fikk de som skulle presentere god bruk for sine teoretiske kunnskaper og praktiske erfaringer fra trenerrollen(e) i idretten. Til tross for de suboptimale forholdene i et rom designet for studentaktivteter, var det derfor ingen problem for Anne \u00e5 fange de fremm\u00f8ttes oppmerksomhet n\u00e5r hun presenterte om norske treneres erfaringer med \u00e5 trene kinetiske ut\u00f8vere i forbindelse med Vinter-OL 2022 i Beijing. I presentasjonen ble mange interessante spenninger mellom to vidt ulike \u00abkulturer\u00bb l\u00f8ftet fram \u2013 der et viktig analytisk hovedpoeng handlet om \u00ab\u00e5 bry seg\u00bb (dvs. care) for ut\u00f8verne. I samme sesjon presenterte ogs\u00e5 Heidi \u00d8stb\u00f8 Haugen (Universitetet i Oslo) mer om det omdiskuterte idrettssamarbeidet mellom Norge og Kina, samt Christian Thue Bj\u00f8rndal (Norges Idrettsh\u00f8gskole) om b\u00e6rekraftig trenerutdanning. Med andre ord nesten som \u00e5 v\u00e6re p\u00e5 \u00abhjemmebane\u00bb, selv over 5000 kilometer fra Norge. Etter en halvtimes kaffepause var det tid for den tiende og siste parallellsesjonen i konferansen. Det velkjente sitatet fra Benjamin Disraeli om at \u00abDen som venter p\u00e5 noe godt, venter ikke forgjeves\u00bb, kunne nok ikke v\u00e6rt mer passende: N\u00e5 var det endelig Stians tur til \u00e5 presentere. I sesjonen med tematikken \u2018idrett og teknologi\u2019 presenterte han om hvordan teknologi preger dommerrollen i norsk idrett. Dette er en artikkel som flere RESPONSE-forskere er involvert i, og blir forh\u00e5pentligvis publisert i n\u00e6rmeste framtid.&nbsp;&nbsp;&nbsp;<\/p>\n\n\n\n<p>P\u00e5 kvelden var det avslutningsseremoni p\u00e5 \u2018Mill Street Ottawa Brewpub\u2019. Her ble det servert et bredt utvalg av gode sm\u00e5retter og drikkevarer. Den over 140 \u00e5r gamle bygningen som tidligere ble brukt for \u00e5 male korn til mel m\u00e5 kunne sies \u00e5 v\u00e6re en perfekt lokasjon for en slik begivenhet. P\u00e5 samme m\u00e5te som at det er mange fordeler med \u00e5 kverne mel fra korn, ga dette ogs\u00e5 oss mersmak og n\u00e6ring gjennom inspirerende samtaler og nettverksbygning. Alt i alt en fin og verdig avslutning etter fire innholdsrike, spennende og l\u00e6rerike dager i Ottawa \u2013 fullt verdt den lange reisen over Atlanterhavet og \u2018jetlagen\u2019 som venter tilbake i Bod\u00f8.&nbsp;&nbsp;<\/p>\n","protected":false},"excerpt":{"rendered":"<p>RESPONSE har deltatt p\u00e5 den 57ende Verdenskongressen for idrettssosiologi i Ottawa, Canada! I august reiste Frida W\u00e5gan, Sigbj\u00f8rn Skirbekk, Mads Skauge, Anna Adlwarth, Stian R\u00f8sten og Anne Tj\u00f8nndal til University of Ottawa. Her kan du lese om v\u00e5r konferanseopplevelse! Mandag 14. august:\u00a0 For v\u00e5r del startet den f\u00f8rste dagen av konferansen startet med at Anne [&hellip;]<\/p>\n","protected":false},"author":91,"featured_media":0,"comment_status":"closed","ping_status":"open","sticky":false,"template":"","format":"standard","meta":{"footnotes":""},"categories":[17],"tags":[],"coauthors":[19],"class_list":["post-1015","post","type-post","status-publish","format-standard","hentry","category-blogg"],"_links":{"self":[{"href":"https:\/\/site.nord.no\/response\/wp-json\/wp\/v2\/posts\/1015","targetHints":{"allow":["GET"]}}],"collection":[{"href":"https:\/\/site.nord.no\/response\/wp-json\/wp\/v2\/posts"}],"about":[{"href":"https:\/\/site.nord.no\/response\/wp-json\/wp\/v2\/types\/post"}],"author":[{"embeddable":true,"href":"https:\/\/site.nord.no\/response\/wp-json\/wp\/v2\/users\/91"}],"replies":[{"embeddable":true,"href":"https:\/\/site.nord.no\/response\/wp-json\/wp\/v2\/comments?post=1015"}],"version-history":[{"count":1,"href":"https:\/\/site.nord.no\/response\/wp-json\/wp\/v2\/posts\/1015\/revisions"}],"predecessor-version":[{"id":1017,"href":"https:\/\/site.nord.no\/response\/wp-json\/wp\/v2\/posts\/1015\/revisions\/1017"}],"wp:attachment":[{"href":"https:\/\/site.nord.no\/response\/wp-json\/wp\/v2\/media?parent=1015"}],"wp:term":[{"taxonomy":"category","embeddable":true,"href":"https:\/\/site.nord.no\/response\/wp-json\/wp\/v2\/categories?post=1015"},{"taxonomy":"post_tag","embeddable":true,"href":"https:\/\/site.nord.no\/response\/wp-json\/wp\/v2\/tags?post=1015"},{"taxonomy":"author","embeddable":true,"href":"https:\/\/site.nord.no\/response\/wp-json\/wp\/v2\/coauthors?post=1015"}],"curies":[{"name":"wp","href":"https:\/\/api.w.org\/{rel}","templated":true}]}}