{"id":973,"date":"2023-07-29T09:29:33","date_gmt":"2023-07-29T07:29:33","guid":{"rendered":"https:\/\/site.nord.no\/response\/?p=973"},"modified":"2023-07-29T09:29:33","modified_gmt":"2023-07-29T07:29:33","slug":"reisebrev-fra-berlin","status":"publish","type":"post","link":"https:\/\/site.nord.no\/response\/2023\/07\/29\/reisebrev-fra-berlin\/","title":{"rendered":"Reisebrev fra Berlin"},"content":{"rendered":"\n<p class=\"has-medium-font-size\"><strong>Skrevet av:<\/strong>\u00a0Frida Austmo W\u00e5gan<\/p>\n\n\n\n<p>12.-16. Juli reiste doktorgradsstipendiat Frida W\u00e5gan til Berlin for \u00e5 delta p\u00e5 lanseringen av et samarbeid mellom det tyske milj\u00f8departementet, Football for Forest (F4F) og We Play Green (WPG) den 14. juli i tillegg til datainnsamling til hennes doktorgradsprosjekt om arbeidet med klima- og milj\u00f8sp\u00f8rsm\u00e5l innenfor den internasjonale fotballen.<\/p>\n\n\n\n<p>F\u00f8rste dag av oppholdet startet med observasjon av noen samarbeidsm\u00f8ter WPG hadde med internasjonale fotballorgan i forhold til kommende samarbeid. Her ble flere spennende perspektiver og ideer diskutert, selv om mye av dette er hemmelig inntil videre. Siden m\u00f8tet foregikk i det gamle klubbhuset p\u00e5 Olympia Stadion fikk vi ogs\u00e5 en omvisning og en liten historietime om byggingen av stadion til OL i 1936 der Hitler og Nazi-tyskland hadde et m\u00e5l om \u00e5 fremvise den ariske rasens fysiske overlegenhet. En veldig spennende formiddag p\u00e5 mange vis!<\/p>\n\n\n\n<div class=\"wp-block-columns is-layout-flex wp-container-core-columns-is-layout-28f84493 wp-block-columns-is-layout-flex\">\n<div class=\"wp-block-column is-layout-flow wp-block-column-is-layout-flow\">\n<figure class=\"wp-block-image size-full\"><img fetchpriority=\"high\" decoding=\"async\" width=\"449\" height=\"598\" src=\"https:\/\/site.nord.no\/response\/wp-content\/uploads\/sites\/56\/2023\/07\/image-3.png\" alt=\"\" class=\"wp-image-974\" \/><\/figure>\n<\/div>\n\n\n\n<div class=\"wp-block-column is-layout-flow wp-block-column-is-layout-flow\">\n<figure class=\"wp-block-image size-full\"><img decoding=\"async\" width=\"446\" height=\"595\" src=\"https:\/\/site.nord.no\/response\/wp-content\/uploads\/sites\/56\/2023\/07\/image-4.png\" alt=\"\" class=\"wp-image-975\" \/><\/figure>\n<\/div>\n<\/div>\n\n\n\n<p>Andre dag av oppholdet var det tid for et arrangement p\u00e5 &#8216;Stadion An der Alten F\u00f6rsterei&#8217; med lansering av samarbeidet mellom milj\u00f8departementet, F4F og WPG. Samarbeidet tar sikte p\u00e5 \u00e5 fremme viktigheten av naturkonservering og gjenoppbygging av regnskog gjennom \u00e5 bruke fotballen som en formidlingsplattform for dette budskapet, da mange fotballklubber og spillere har en stemme som n\u00e5r ut til mange. I tillegg til \u00e5 lansere samarbeidet ble det lansert en app der privatpersoner og bedrifter kan st\u00f8tte et lag, og for hvert m\u00e5l laget scorer doneres en viss sum penger til skogplantingsprosjekter i s\u00e5rbare regnskogomr\u00e5der. For eksempel doneres det penger for hvert m\u00e5l som scores i forbindelse med VM 2023 i Australia\/New Zealand som et &#8216;kick-off&#8217; p\u00e5 prosjektet.<\/p>\n\n\n\n<div class=\"wp-block-columns is-layout-flex wp-container-core-columns-is-layout-28f84493 wp-block-columns-is-layout-flex\">\n<div class=\"wp-block-column is-layout-flow wp-block-column-is-layout-flow\">\n<figure class=\"wp-block-image size-full\"><img decoding=\"async\" width=\"464\" height=\"466\" src=\"https:\/\/site.nord.no\/response\/wp-content\/uploads\/sites\/56\/2023\/07\/image-5.png\" alt=\"\" class=\"wp-image-976\" \/><\/figure>\n<\/div>\n\n\n\n<div class=\"wp-block-column is-layout-flow wp-block-column-is-layout-flow\">\n<figure class=\"wp-block-image size-full\"><img loading=\"lazy\" decoding=\"async\" width=\"462\" height=\"463\" src=\"https:\/\/site.nord.no\/response\/wp-content\/uploads\/sites\/56\/2023\/07\/image-6.png\" alt=\"\" class=\"wp-image-977\" \/><\/figure>\n<\/div>\n<\/div>\n\n\n\n<p>P\u00e5 arrangementet var det mange spennende mennesker fra ulike sektorer &#8211; b\u00e5de innen politikk, akademia og internasjonal fotball. En rekke organisasjoner som jobber med klima og milj\u00f8sp\u00f8rsm\u00e5l innen idretten var tilstede og ut fra dialogene som fulgte etter taler og det offisielle programmet er det mye drivkraft og motivasjon for \u00e5 jobbe med b\u00e6rekraft innen den internasjonale fotballen.<\/p>\n\n\n\n<div class=\"wp-block-columns is-layout-flex wp-container-core-columns-is-layout-28f84493 wp-block-columns-is-layout-flex\">\n<div class=\"wp-block-column is-layout-flow wp-block-column-is-layout-flow\">\n<figure class=\"wp-block-image size-full\"><img loading=\"lazy\" decoding=\"async\" width=\"431\" height=\"574\" src=\"https:\/\/site.nord.no\/response\/wp-content\/uploads\/sites\/56\/2023\/07\/image-7.png\" alt=\"\" class=\"wp-image-978\" \/><\/figure>\n<\/div>\n\n\n\n<div class=\"wp-block-column is-layout-flow wp-block-column-is-layout-flow\">\n<figure class=\"wp-block-image size-full\"><img loading=\"lazy\" decoding=\"async\" width=\"431\" height=\"574\" src=\"https:\/\/site.nord.no\/response\/wp-content\/uploads\/sites\/56\/2023\/07\/image-8.png\" alt=\"\" class=\"wp-image-979\" \/><\/figure>\n<\/div>\n<\/div>\n\n\n\n<p>Dagen som fulgte arrangementet gikk til intervju med flere av ut\u00f8verne som er tilknyttet WPG om hvordan de velger \u00e5 bruke stemmen sin til \u00e5 fronte ulike problemstillinger knyttet til klima og milj\u00f8 b\u00e5de innenfor og utenfor den internasjonale fotballen, som en del av datainnsamlingen til doktorgraden Frida skriver. Her er det utvilsomt mange spennende historier og former for engasjement \u00e5 l\u00f8fte frem, og det er mange av spillerne som gj\u00f8r en stor innsats p\u00e5 omr\u00e5det.<\/p>\n\n\n\n<p>De siste timene av turen gikk til et mer eller mindre obligatorisk museums-bes\u00f8k i Europas museumshovedstad. Med over 170 museer i Berlin var det ikke bare, bare \u00e5 bestemme seg for hva som fristet mest, men det endte med bes\u00f8k p\u00e5 kunstakademiet og utstillingen &#8216;Macht, Raum, Gewalt&#8217; (Power, Space, Violence) som omhandlet hvordan arkitektur og byutvikling ble brukt som et aktivt grep for segregering og undertrykkelse i opptakten til 2. verdenskrig.<\/p>\n\n\n\n<p>Kort oppsummert ble det tre innholdsrike dager i en veldig spennende by, og det ses frem mot \u00e5 f\u00f8lge b\u00e5de ut\u00f8vernes engasjement og flere av samarbeidsprosjektene videre.<\/p>\n","protected":false},"excerpt":{"rendered":"<p>Skrevet av:\u00a0Frida Austmo W\u00e5gan 12.-16. Juli reiste doktorgradsstipendiat Frida W\u00e5gan til Berlin for \u00e5 delta p\u00e5 lanseringen av et samarbeid mellom det tyske milj\u00f8departementet, Football for Forest (F4F) og We Play Green (WPG) den 14. juli i tillegg til datainnsamling til hennes doktorgradsprosjekt om arbeidet med klima- og milj\u00f8sp\u00f8rsm\u00e5l innenfor den internasjonale fotballen. F\u00f8rste dag [&hellip;]<\/p>\n","protected":false},"author":91,"featured_media":0,"comment_status":"closed","ping_status":"open","sticky":false,"template":"","format":"standard","meta":{"footnotes":""},"categories":[17],"tags":[],"coauthors":[19],"class_list":["post-973","post","type-post","status-publish","format-standard","hentry","category-blogg"],"_links":{"self":[{"href":"https:\/\/site.nord.no\/response\/wp-json\/wp\/v2\/posts\/973","targetHints":{"allow":["GET"]}}],"collection":[{"href":"https:\/\/site.nord.no\/response\/wp-json\/wp\/v2\/posts"}],"about":[{"href":"https:\/\/site.nord.no\/response\/wp-json\/wp\/v2\/types\/post"}],"author":[{"embeddable":true,"href":"https:\/\/site.nord.no\/response\/wp-json\/wp\/v2\/users\/91"}],"replies":[{"embeddable":true,"href":"https:\/\/site.nord.no\/response\/wp-json\/wp\/v2\/comments?post=973"}],"version-history":[{"count":1,"href":"https:\/\/site.nord.no\/response\/wp-json\/wp\/v2\/posts\/973\/revisions"}],"predecessor-version":[{"id":980,"href":"https:\/\/site.nord.no\/response\/wp-json\/wp\/v2\/posts\/973\/revisions\/980"}],"wp:attachment":[{"href":"https:\/\/site.nord.no\/response\/wp-json\/wp\/v2\/media?parent=973"}],"wp:term":[{"taxonomy":"category","embeddable":true,"href":"https:\/\/site.nord.no\/response\/wp-json\/wp\/v2\/categories?post=973"},{"taxonomy":"post_tag","embeddable":true,"href":"https:\/\/site.nord.no\/response\/wp-json\/wp\/v2\/tags?post=973"},{"taxonomy":"author","embeddable":true,"href":"https:\/\/site.nord.no\/response\/wp-json\/wp\/v2\/coauthors?post=973"}],"curies":[{"name":"wp","href":"https:\/\/api.w.org\/{rel}","templated":true}]}}