{"id":8874,"date":"2024-09-12T13:15:53","date_gmt":"2024-09-12T11:15:53","guid":{"rendered":"https:\/\/site.nord.no\/studenterssuksess\/?p=8874"},"modified":"2024-12-18T14:53:25","modified_gmt":"2024-12-18T13:53:25","slug":"arskonferanse-2024fra-selfie-til-samspill-dannelse-i-utdanning","status":"publish","type":"post","link":"https:\/\/site.nord.no\/studenterssuksess\/arskonferanse-2024fra-selfie-til-samspill-dannelse-i-utdanning\/","title":{"rendered":"\u00c5rskonferanse 2024"},"content":{"rendered":"\n<h1 class=\"wp-block-heading has-text-color has-link-color wp-elements-cc233fccfe3246f6e48361a0b215f5e4\" style=\"color:#e63f69\"><strong>Fra selfie til samspill &#8211; dannelse i utdanning&nbsp;<\/strong><\/h1>\n\n\n\n<h4 class=\"wp-block-heading\">4-5. desember 2024 ved Universitetet i Agder, Kristiansand <\/h4>\n\n\n\n<div class=\"wp-block-group is-nowrap is-layout-flex wp-container-core-group-is-layout-6c531013 wp-block-group-is-layout-flex\">\n<div class=\"wp-block-group is-layout-constrained wp-block-group-is-layout-constrained\">\n<p class=\"has-medium-font-size\">Utdanning handler om mer enn pensum og eksamen; det handler om \u00e5 forme hele mennesket gjennom faglig, personlig og sosial utvikling og dannelse. Utvikling og dannelse oppst\u00e5r i m\u00f8tet mellom mennesker \u2013 det er n\u00e5r vi l\u00f8fter blikket fra \u201cselfie\u201d vi oppdager verdien av \u201csamspillet\u201d med andre for \u00e5 skape sterke felleskap for utvikling og dannelse i utdanning. <\/p>\n\n\n\n<p class=\"has-medium-font-size\"><em>Hvordan kan l\u00e6resteder og samskipnader bidra til \u00e5 balansere individets selvutvikling og fellesskapets behov for samspillet i utvikling og dannelse?<\/em><\/p>\n\n\n\n<p class=\"has-medium-font-size\">Kompetansenettverket inviterer deg p\u00e5 v\u00e5r \u00e5rskonferanse til \u00e5 utforske og utfordre hva dannelse i utdanning betyr for det moderne mennesket og samfunnet, og hvordan l\u00e6resteder og samskipnader kan v\u00e6re en drivkraft i balansen mellom selfie og samspill. Du er velkommen for \u00e5 bli inspirert og utfordret av menneskem\u00f8ter, der felleskapet utforsker v\u00e5rt ansvar og v\u00e5re tiln\u00e6rminger til \u00e5 styrke dannelse i utdanning. &nbsp;<\/p>\n\n\n\n<p class=\"has-medium-font-size\">Digital dannelse med ansvarlig, kritisk og etisk anvendelse er en viktig ferdighet for det 21. \u00e5rhundret, og med fremtreden av kunstig intelligens utfordres dannelse p\u00e5 nye m\u00e5ter. Dette gj\u00f8r digital dannelse til en n\u00f8dvendig del av utdanningen, der m\u00e5let er \u00e5 skape kreative og kritiske deltakere i den digital verden.&nbsp;<\/p>\n\n\n\n<p class=\"has-medium-font-size\"><em>Hvordan kan l\u00e6resteder og samskipnader s\u00f8rge for at digital dannelse blir en naturlig del av utdanningen,&nbsp;og sikre at teknologiens utvikling st\u00f8tter dannelse av ansvarlige samfunnsborgere?&nbsp;<\/em><\/p>\n<\/div>\n<\/div>\n\n\n\n<figure class=\"wp-block-image aligncenter size-full is-style-rounded\"><img fetchpriority=\"high\" decoding=\"async\" width=\"1024\" height=\"1024\" src=\"https:\/\/site.nord.no\/studenterssuksess\/wp-content\/uploads\/sites\/36\/2024\/09\/image.png\" alt=\"\" class=\"wp-image-8883\" style=\"aspect-ratio:4\/3;object-fit:contain\" \/><\/figure>\n\n\n\n<figure class=\"wp-block-pullquote has-text-color has-link-color wp-elements-a655d813c2202d54e1a61bce236523ad\" style=\"color:#e63f69\"><blockquote><p><strong>det er <em>n\u00e5r vi l\u00f8fter blikket fra \u201cselfie\u201d vi oppdager verdien av \u201csamspillet\u201d<\/em><\/strong><\/p><\/blockquote><\/figure>\n\n\n\n<div class=\"wp-block-buttons is-content-justification-center is-layout-flex wp-container-core-buttons-is-layout-a89b3969 wp-block-buttons-is-layout-flex\">\n<div class=\"wp-block-button has-custom-width wp-block-button__width-50\"><a class=\"wp-block-button__link has-white-color has-text-color has-background has-link-color has-text-align-center wp-element-button\" href=\"https:\/\/nettskjema.no\/a\/455237\" style=\"background-color:#e63f69\"><strong>Meld deg p\u00e5 konferansen her!<\/strong><\/a><\/div>\n<\/div>\n\n\n\n<p class=\"has-text-align-center\"><em>Konferansen er gratis for alle deltagere fra nettverkets medeiere. <\/em><\/p>\n\n\n\n<p class=\"has-text-align-center\">P\u00e5meldingsfrist: 27. november kl. 14.00<\/p>\n\n\n\n<h2 class=\"wp-block-heading has-text-color has-link-color wp-elements-17c1f5e4fd0ff815313cedfb392fd47d\" style=\"color:#e63f69\">Program <\/h2>\n\n\n\n<hr class=\"wp-block-separator has-alpha-channel-opacity\" \/>\n\n\n\n<h2 class=\"wp-block-heading has-black-color has-text-color has-link-color wp-elements-543346f0d6e46e29170f1c2c6b354f10\">Onsdag 4. desember <\/h2>\n\n\n\n<p class=\"has-medium-font-size\">Kl. 10.00:<strong> <\/strong>Registrering til konferansen <\/p>\n\n\n\n<p class=\"has-medium-font-size\">Kl. 11.00: \u00c5pning av konferansen<\/p>\n\n\n\n<p><strong>Sunniva Whittaker<\/strong>, r<em>ektor ved Universitetet i Agder<\/em><br><strong>June Borge Doornich<\/strong>, <em>leder for Kompetansenettverk for studenters suksess<\/em><\/p>\n\n\n\n<p class=\"has-medium-font-size\">Kl. 11.30: <strong>Plenumssesjon <\/strong><\/p>\n\n\n\n<p class=\"has-medium-font-size\"><em>Hvordan kan l\u00e6resteder og samskipnader bidra til \u00e5 balansere individets selvutvikling og fellesskapets behov for samspillet i utvikling og dannelse?<\/em><\/p>\n\n\n\n<p><strong>Dannelseskomplekset<\/strong> <em>ved <strong>Jan Reinert Karlsen<\/strong>, f\u00f8rsteamanuensis i vitenskapsteori ved Universitetet i Bergen&nbsp;<\/em>&nbsp;<\/p>\n\n\n\n<p>Dannelsesbegrepet er en forenkling av noe uhyre komplekst: Det \u00e5 bli et menneske. Hva fremmer og hemmer dannelse i h\u00f8yere utdanning i dag? Foredraget trekker p\u00e5 elementer fra dannelsesdebatten i Norge i etterkant av Dannelsesutvalgets rapport i 2009 og erfaringer fra arbeidet med \u00e5 skipe s\u00e5kalte \u2018dannelsesemner\u2019 ved Universitetet i Bergen fra 2010 til i dag.<\/p>\n\n\n\n<details class=\"wp-block-details has-text-color has-link-color wp-elements-75551898720d1cf0c6cd5839972b17d0 is-layout-flow wp-block-details-is-layout-flow\" style=\"color:#e63f69\"><summary>Bio innleggsholder<\/summary>\n<p class=\"has-black-color has-text-color has-link-color wp-elements-ee9983a15833c386fa99d2d2ec856bd8\">Jan Reinert Karlsen er f\u00f8rsteamanuensis i vitenskapsteori ved Universitetet i Bergen (UiB). Han har en hovedoppgave i filosofi fra UiB og doktorgrad i medisinsk etikk fra Universitetet i Oslo (UiO). Siden 2010 har han jobbet ved Senter for vitenskapsteori ved UiB hvor han har hatt faglig ansvar for \u2018Sentrale sp\u00f8rsm\u00e5l i forskning og samfunn\u2019, de s\u00e5kalte dannelsesemnene ved UIB. Karlsen tjente som sekret\u00e6r i Dannelsesutvalget II (2010-2012) og var leder for Dannelsesutvalget ved UiB (2011-2013). Siden 2019 har han v\u00e6rt forskningsleder for en forskergruppe i medisinsk vitenskapsteori og etikk ved Neuro-SysMed, et forskningssenter for klinisk behandling (FKB) av alvorlige, kroniske nevrologiske sykdommer. Her utforsker han lidelsesbegrepet som utgangspunkt og forst\u00e5elsesramme for \u00e5 studere medisinsk praksis og komplekse medisinske fenomener.<\/p>\n<\/details>\n\n\n\n<p><\/p>\n\n\n\n<p><strong>Utdanning som ferdighetsutvikling i fagfellesskap<\/strong> <em>ved <\/em><strong><em>Stefan Fisher-H\u00f8yrem<\/em><\/strong><em>, f\u00f8rstebibliotekar Universitetet i Agder&nbsp;<\/em><br><br>Vi blir gode til det vi \u00f8ver p\u00e5. Derfor handler utdanning f\u00f8rst og fremst om ferdighetsutvikling. Hvilke ferdigheter \u00f8ver egentlig studenter i h\u00f8yere utdanning p\u00e5, og hvordan er det forskjellig fra det de \u00f8vde p\u00e5 da de gikk p\u00e5 skolen? Hvordan kan studenter tilegne seg nye ferdigheter, og hvordan kan vi legge til rette for dem n\u00e5r de skal \u00f8ve?&nbsp;<\/p>\n\n\n\n<details class=\"wp-block-details has-text-color has-link-color wp-elements-c7c441d8fcdaaba3d0c84416c8f8a164 is-layout-flow wp-block-details-is-layout-flow\" style=\"color:#e63f69\"><summary>Bio innleggsholder<\/summary>\n<p class=\"has-black-color has-text-color has-link-color wp-elements-e49997ee001f604346f91ec1fb5d08a2\">Stefan er historiker (PhD) og arbeider som f\u00f8rstebibliotekar ved Universitetsbiblioteket ved UiA.<\/p>\n\n\n\n<p class=\"has-black-color has-text-color has-link-color wp-elements-3c2b27b7f40f3b1bf615b0fb4faa2c54\">Han har nylig publisert boken&nbsp;<em>Studieferdigheter: Hvordan bli en fagperson<\/em>.<\/p>\n<\/details>\n\n\n\n<p><\/p>\n\n\n\n<p><strong>Menneskem\u00f8tekompetanse <\/strong><em>ved <\/em><strong><em>Eva D\u00f8nnestad<\/em><\/strong><em>, oppl\u00e6ringansvarlig i Menneskem\u00f8tekompetanse ved Universitetet i Agder<\/em><br><br>Hvordan kan vi l\u00f8fte blikket fra egen navle og finne mening i \u00e5 samspille med andre, i stedet for \u00e5 sammenligne oss med dem? Hvordan finne identitet i verdier, ikke prestasjoner, slik at vi kan gj\u00f8re andre trygge og modige? Hvordan bidra til \u00e5 inkludere, motivere og jakte potensiale? Hvordan vi har det, har noe \u00e5 si for hvordan vi l\u00e6rer. Vi er hele mennesker. N\u00e5r vi kjenner oss sett, anerkjent og finner tilh\u00f8righet i et fellesskap der v\u00e5re bidrag verdsettes, trives vi bedre og da l\u00e6rer vi bedre. Vi trenger \u00e5 koble oss p\u00e5 hverandre. Studentene inviteres til en dannelsesreise der de kan modnes som mennesker og oppleve personlig vekst gjennom \u00e5 trene p\u00e5 \u00e5 v\u00e6re der for andre, l\u00e6re sammen med andre og bidra i fellesskapet.<\/p>\n\n\n\n<details class=\"wp-block-details has-text-color has-link-color wp-elements-2eef5f37e1321b0ea434f482d0f67831 is-layout-flow wp-block-details-is-layout-flow\" style=\"color:#e63f69\"><summary>Bio innleggsholder<\/summary>\n<p class=\"has-black-color has-text-color has-link-color wp-elements-d40106581b18ed3e1e385fcd46ac2268\">Eva D\u00f8nnestad er oppl\u00e6ringsansvarlig for Menneskem\u00f8tekompetanse ved Universitetet i Agder. De siste seks \u00e5rene har hun l\u00e6rt opp flere hundre mentorer ved UiA og deler n\u00e5 erfaringer om hvordan mentorene rapporterer at dette arbeidet former dem og gir mening \u2013 gjennom det \u00e5 kunne bety noe for andre. <\/p>\n\n\n\n<p class=\"has-black-color has-text-color has-link-color wp-elements-3bde28dddc5f17fe8afb12682ea67560\">D\u00f8nnestad er ogs\u00e5 en erfaren skribent, journalist, avis-spaltist, formidler, poet, kursholder, tidligere P2-k\u00e5s\u00f8r og mange\u00e5rig leder for fagformidling ved RVTS S\u00f8r. Nylig ga hun ut <em>MENNESKEM\u00d8TEBOKEN<\/em> p\u00e5 Universitetsforlaget, sammen med medforfatter Dr. Heine Steinkopf, en erfaren psykologspesialist.<br><\/p>\n<\/details>\n\n\n\n<p><\/p>\n\n\n\n<p class=\"has-medium-font-size\">Kl. 13.00: Lunsj<\/p>\n\n\n\n<p class=\"has-medium-font-size\">Kl.14.00: <strong>Parallelle sesjoner 1 <\/strong><\/p>\n\n\n\n<p class=\"has-text-color has-link-color wp-elements-91bd3ce4569cc613e05ad0c758a26ba0\" style=\"color:#e63f69\">Sesjon 1.1:<\/p>\n\n\n\n<p class=\"has-black-color has-text-color has-link-color wp-elements-073c0839f1782d35ffca9e3cb42003ad\"><strong>Menneskem\u00f8tekompetanse &#8211; kraften i menneskem\u00f8ter.<\/strong><\/p>\n\n\n\n<p>Hvordan kan studentmentorer bidra til at universiteter og h\u00f8yskoler blir veksthus der mennesker vokser, trives, utfolder seg og formes til \u00e5 bli inkluderende og samspillende samfunnsborgere?&nbsp; Vi kommer ikke utenom kraften i menneskem\u00f8tene. Smakebit p\u00e5 verkt\u00f8y fra oppl\u00e6ringen i Menneskem\u00f8tekompetanse ved UiA.<\/p>\n\n\n\n<details class=\"wp-block-details is-layout-flow wp-block-details-is-layout-flow\"><summary>Om sesjonen:<br><\/summary>\n<p>Rom: F1 022<br>Format: Workshop<br>Varighet: 60 minutter.<\/p>\n\n\n\n<p>Ansvarlig: Eva D\u00f8nnestad, oppl\u00e6ringsansvarlig for Menneskem\u00f8tekompetanse ved Universitetet i Agder.<\/p>\n<\/details>\n\n\n\n<p><\/p>\n\n\n\n<p class=\"has-text-color has-link-color wp-elements-a4ab091261c6e2b19d31effd72c0a30f\" style=\"color:#e63f69\">Sesjon 1.2:<\/p>\n\n\n\n<p class=\"has-black-color has-text-color has-link-color wp-elements-da552c43acaca53f0cdd36489c68aa20\"><strong>Dannelse gjennom Verdiutsagn\u00f8velsen.<\/strong><\/p>\n\n\n\n<p>Verdiutsagn\u00f8velsen er et verkt\u00f8y for dialog og utvikling av dannelse. L\u00e6r verkt\u00f8yet p\u00e5 denne workshopen.<\/p>\n\n\n\n<details class=\"wp-block-details is-layout-flow wp-block-details-is-layout-flow\"><summary>Om sesjonen: <\/summary>\n<p>Rom: F1 023<br>Format: Workshop<br>Varighet: 60 minutter.<\/p>\n\n\n\n<p>Ansvarlig: Tine Blomfeldt, r\u00e5dgiver\/samtaleterapeut ved Studentsamskipnaden p\u00e5 Vestlandet (Sammen) <\/p>\n<\/details>\n\n\n\n<p><\/p>\n\n\n\n<p class=\"has-text-color has-link-color wp-elements-a69c35938bf95b622768fd517de6e776\" style=\"color:#e63f69\">Sesjon 1.3:<\/p>\n\n\n\n<p><strong>Studentfrivillighet i Norge: Innsikter fra den f\u00f8rste nasjonale unders\u00f8kelsen <\/strong><\/p>\n\n\n\n<p>Hvordan kan universiteter, h\u00f8yskoler og studentsamskipnader bruke ny innsikt til \u00e5 styrke samarbeid og tilbud p\u00e5 tvers av institusjoner? Utvalget for studentforeninger og frivillighet gjennomf\u00f8rer i h\u00f8st en nasjonal unders\u00f8kelse av studentfrivillighet \u2013 den f\u00f8rste i sitt slag i Norge. Unders\u00f8kelsen utforsker hva som motiverer til deltakelse, hvilke ferdigheter studenter utvikler gjennom frivillig arbeid, samt aspekter som karriererelevans og mestring. I tillegg kartlegger den en rekke hygienefaktorer for studentforeningene, som gir oss et innblikk i deres n\u00e5v\u00e6rende situasjon. Resultatene kan bidra til \u00e5 forbedre tilbudet og styrke arbeidet med studentfrivillighet. Vi vil presentere noen f\u00f8rste funn fra unders\u00f8kelsen og si litt om hvordan vi samarbeider om kompetanseheving p\u00e5 tvers av studentsamskipnader.<\/p>\n\n\n\n<p><strong>Medstudenter som mentorer &#8211; Alle snakker. F\u00e5 lytter. <\/strong><\/p>\n\n\n\n<p>Det er omfattende dokumentert at muntlige kommunikasjonsferdigheter er avgj\u00f8rende for relasjonsdannelse og oppn\u00e5else av psykologisk trygghet i en gruppe. Dette inneb\u00e6rer at peer-mentorer trenger kommunikasjonsferdigheter for \u00e5 kunne fremme menteenes l\u00e6ring og utvikling. Observasjon av mentorenes kommunikasjon i m\u00f8ter med menteene viste at kommunikasjonen ofte ikke var relasjonsdannende.<\/p>\n\n\n\n<details class=\"wp-block-details is-layout-flow wp-block-details-is-layout-flow\"><summary>Om sesjonen: <\/summary>\n<p>Rom: B1 006<br>Format: presentasjon <br>Varighet: 2 x 30 minutter (to forskjellige innlegg p\u00e5 denne sesjonen).<\/p>\n\n\n\n<p>Bidragsytere: <\/p>\n\n\n\n<p><strong>Studentfrivillighet i Norge: Innsikter fra den f\u00f8rste nasjonale unders\u00f8kelsen <\/strong><\/p>\n\n\n\n<p>Jakop Kjellstad, R\u00e5dgiver i Sammen Studentliv<br>Benedicte Nordlie, Studentlivskoordinator i SiA<\/p>\n\n\n\n<p><strong>Medstudenter som mentorer &#8211; Alle snakker. F\u00e5 lytter. <\/strong><\/p>\n\n\n\n<p>Ragnhild Wiik, spesialr\u00e5dgiver, Handelsh\u00f8gskolen BI <\/p>\n\n\n\n<p>Benedicte Br\u00f8gger, professor ved Institutt for kommunikasjon og kultur, Handelsh\u00f8gskolen BI <\/p>\n\n\n\n<p><em>Katr<\/em>ine Sonnenschein is an Associate Professor at BI Norwegian Business School, Department of Leadership and Organizational Behavior.<em> <\/em><\/p>\n<\/details>\n\n\n\n<p><\/p>\n\n\n\n<p><\/p>\n\n\n\n<p class=\"has-medium-font-size\">Kl. 15.00: Pause<\/p>\n\n\n\n<p class=\"has-medium-font-size\">Kl. 15.15:<strong> Parallelle sesjoner 2<\/strong><\/p>\n\n\n\n<p class=\"has-text-color has-link-color wp-elements-7004543aaded09d3f3f41d5bf95a643f\" style=\"color:#e63f69\">Sesjon 2.1<\/p>\n\n\n\n<p><strong>Dannelse starter med deltagelse &#8211; Studentengasjement som en del av h\u00f8yere utdanning<\/strong> <\/p>\n\n\n\n<p>Dannelse formes gjennom mer enn utdanning. Studentengasjement i organisasjoner og aktiviteter skaper m\u00f8teplasser og fremmer dannelse gjennom det psykososiale og organisatoriske l\u00e6ringsmilj\u00f8et. Vi utforsker hvordan slike arenaer ikke bare styrker sosialt engasjement, men ogs\u00e5 utvikler sentrale ferdigheter som ledelse, ansvar og samhandling.<\/p>\n\n\n\n<details class=\"wp-block-details is-layout-flow wp-block-details-is-layout-flow\"><summary>Om sesjonen: <\/summary>\n<p>Rom: F1 023<br>Format: Workshop<br>Varighet: 60 minutter<\/p>\n\n\n\n<p>Ansvarlig: <\/p>\n\n\n\n<p>Helene Fredheim, leder i Velferdstinget i Agder<\/p>\n\n\n\n<p>Sigrid Lindemark Solheim, nestleder i Velferdstinget i Agder<\/p>\n\n\n\n<p>Lars Jacob Ruland Jacobsen, nestleder i Velferdstinget Vest.<\/p>\n\n\n\n<p>Henrik Tjore, r\u00e5dgiver i Sammen Studentliv<\/p>\n\n\n\n<p>Jakop Kjellstad, r\u00e5dgiver i Sammen Studentliv<\/p>\n<\/details>\n\n\n\n<p class=\"has-text-color has-link-color wp-elements-dcfbeb63eb8987af97af0dfe214505d9\" style=\"color:#e63f69\">Sesjon 2.2<\/p>\n\n\n\n<p><strong>Hvordan hjelpe studenter til \u00e5 utvikle effektive studievaner og &#8211; teknikker? <\/strong><\/p>\n\n\n\n<p>God studieteknikk fremmer l\u00e6ring, motivasjon og resultater, men frivillige kurs kan ha varierende oppslutning. Workshopen presenterer prosjekter med studieteknikkoppl\u00e6ring integrert i undervisning gjennom arbeidskrav og inviterer til diskusjon om hvordan oppl\u00e6ring i studieteknikk og andre ferdigheter kan inng\u00e5 i fag eller fremmes p\u00e5 nye m\u00e5ter for \u00e5 styrke studentenes studiemestring.<\/p>\n\n\n\n<details class=\"wp-block-details is-layout-flow wp-block-details-is-layout-flow\"><summary>Om sesjonen: <\/summary>\n<p>Rom: F1 022<br>Format: Workshop<br>Varighet: 60 minutter<\/p>\n\n\n\n<p>Ansvarlig: <\/p>\n\n\n\n<p>Olav Schewe, forsker p\u00e5 bruk av l\u00e6ringsstrategier blant norske studenter som PhD-kandidat ved Universitetet i Oxford. Har ogs\u00e5 skrevet studieteknikk-b\u00f8kene Superstudent og Superhjernen som begge har blitt oversatt til over 20 spr\u00e5k hver.<\/p>\n<\/details>\n\n\n\n<p class=\"has-text-color has-link-color wp-elements-6e93f94fa63f25802ebb02293056336a\" style=\"color:#e63f69\">Sesjon 2.3<\/p>\n\n\n\n<p><strong>Emosjoners betydning i h\u00f8yere utdanning: Et dannelses perspektiv. <\/strong><\/p>\n\n\n\n<p>Undervisere st\u00e5r overfor \u00f8kt arbeidspress, \u00f8konomiske kutt og bekymring for studentenes psykososiale l\u00e6ringsmilj\u00f8. Emosjonell kompetanse er sentralt for \u00e5 h\u00e5ndtere disse utfordringene. Innlegget utforsker hvordan utvikling av emosjonell kompetanse i et dannelsesperspektiv kan fremme et inkluderende l\u00e6ringsmilj\u00f8 og styrke b\u00e5de undervisningskvalitet og studentenes psykososiale trivsel.<\/p>\n\n\n\n<p><strong>Utvikling av profesjonsidentitet hos sykepleierstudenter. <\/strong><\/p>\n\n\n\n<p>Profesjonell identitetsutvikling, mestringstro og opplevelse av sammenheng er avgj\u00f8rende faktorer i sykepleierutdanning. Basert p\u00e5 en longitudinell studie demonstrerer vi hvordan sykepleierstudenters identitet utvikles og hvilken betydning mestringstro har. Vi utforsker praktiske strategier for \u00e5 styrke mestringstro og profesjonell utvikling gjennom strukturert refleksjon og etablering av trygge og st\u00f8ttende l\u00e6ringsmilj\u00f8er.<\/p>\n\n\n\n<details class=\"wp-block-details is-layout-flow wp-block-details-is-layout-flow\"><summary>Om sesjonen: <\/summary>\n<p>Rom: B1 001<br>Format: presentasjon<br>Varighet: 2 x 30 minutter (to forskjellige innlegg p\u00e5 denne sesjonen).<\/p>\n\n\n\n<p>Bidragsyter: <\/p>\n\n\n\n<p><strong>Emosjoners betydning i h\u00f8yere utdanning: et dannelsesperspektiv.<\/strong><\/p>\n\n\n\n<p>Siw Huatorpet, f\u00f8rstelektor i universitets- og h\u00f8gskolepedagogikk, Universitetet i Innlandet<\/p>\n\n\n\n<p><strong>Utvikling av profesjonsidentitet hos sykepleierstudenter.<\/strong><\/p>\n\n\n\n<p>Grete Lund Vabo, dosent i sykepleievitenskap ved Institutt for helse og sykepleievitenskap, Universitetet i Agder<\/p>\n<\/details>\n\n\n\n<p><\/p>\n\n\n\n<p class=\"has-text-color has-link-color wp-elements-b91afa8bdb9b7765161f191964db46f7\" style=\"color:#e63f69\">Sesjon 2.4 <\/p>\n\n\n\n<p><strong>Studentroller som bygger felleskap og dannelse. <\/strong><\/p>\n\n\n\n<p>Har du meningsfulle studentroller i din organisasjon? Hvordan bidrar disse til l\u00e6ringsmilj\u00f8et? Studentassistenter, mentorer og aktivitetsledere skaper tilh\u00f8righet, mestring og personlig vekst. Her vil studenter dele sine erfaringer om hvordan slike roller p\u00e5virker b\u00e5de dem selv og deres medstudenter \u2013 og gir verdifulle erfaringer for fremtiden.<\/p>\n\n\n\n<p><strong>Dialogkurs for studenter \u2013 rom for danning?<\/strong><\/p>\n\n\n\n<p>I denne presentasjonen vil dere f\u00e5 et innblikk i bakgrunnen for og innholdet i&nbsp;Dialogkurs for studenter. Vi etterstreber \u00e5 ikke bare snakke om dialog, men \u00e5 engasjere de som deltar i dialog ved \u00e5 gi noen smakebiter av hva vi gj\u00f8r p\u00e5 kurskveldene. Avslutningsvis inviterer vi til felles refleksjon rundt hvordan Dialogkurset kan gi n\u00e6ring til studenters danningsprosess.<\/p>\n\n\n\n<details class=\"wp-block-details is-layout-flow wp-block-details-is-layout-flow\"><summary>Om sesjonen: <\/summary>\n<p>Rom: B1 006<br>Format: presentasjon<br>Varighet: 2 x 30 minutter (to forskjellige innlegg p\u00e5 denne sesjonen).<\/p>\n\n\n\n<p>Bidragsytere:<\/p>\n\n\n\n<p><strong><strong>Studentroller som bygger felleskap og dannelse.<\/strong><\/strong><\/p>\n\n\n\n<p>Lan La, student NTNU og prosjekt- og programleder i Sit Labs<\/p>\n\n\n\n<p>Oliver Huuse-Thorvaldsen, student UiA og studentmentor ved God Start p\u00e5 UiA<\/p>\n\n\n\n<p>Jonatan Tagestad Fuglevaag, studentdemokratiet ved H\u00f8yskolen i \u00d8stfold <\/p>\n\n\n\n<p><strong>Dialogkurs for studenter \u2013 rom for danning?<\/strong><\/p>\n\n\n\n<p>Ingun Steen Andersen, seniorr\u00e5dgiver i Human-Etisk forbund og er faglig leder for avdeling for omr\u00e5det livsveiledning.<br><br>Birgitte Fredriksen, Studenthumanist med arbeidssted p\u00e5 Livssyns\u00e5pent samtalesenter for studenter p\u00e5 UiO, Blindern.<\/p>\n<\/details>\n\n\n\n<p><\/p>\n\n\n\n<p class=\"has-medium-font-size\">Kl. 16.15: Dagsprogram slutt<br><br>Kl. 18.30: Konferansemiddag <\/p>\n\n\n\n<p><em>Konferansemiddagen avholdes i en uformell atmosf\u00e6re p\u00e5 <a href=\"https:\/\/hvkn.no\/\">H\u00e5ndverkeren<\/a> i Kristiansand sentrum.<\/em><\/p>\n\n\n\n<p><em> (egen p\u00e5melding sendes til de som er meldt p\u00e5 konferansen)<\/em><\/p>\n\n\n\n<hr class=\"wp-block-separator has-alpha-channel-opacity\" \/>\n\n\n\n<h2 class=\"wp-block-heading\">Torsdag 5. desember<\/h2>\n\n\n\n<p class=\"has-medium-font-size\">Kl. 09.00: <strong>Plenumssesjon <\/strong><\/p>\n\n\n\n<p class=\"has-medium-font-size\"><em>Hvordan kan l\u00e6resteder og samskipnader s\u00f8rge for at digital dannelse blir en naturlig del av utdanningen, og sikre at teknologiens utvikling st\u00f8tter dannelse av ansvarlige samfunnsborgere?&nbsp;&nbsp;&nbsp;<\/em><\/p>\n\n\n\n<p style=\"font-size:17px\"><br><strong>Kunstig intelligens: En ny tid for dannelse<\/strong> <em>ved <strong>Morten Goodwin<\/strong>, professor i kunstig intelligens ved Universitetet i Agder&nbsp;<\/em><\/p>\n\n\n\n<p>Det er ingen tvil om at kunstig intelligens har tatt utdanningsverden med storm \u2013 men hvordan kan vi sikre at denne transformative teknologien ikke bare effektiviserer hverdagen, men ogs\u00e5 l\u00f8fter kvaliteten p\u00e5 l\u00e6ring og dannelse? KI har potensialet til \u00e5 revolusjonere hvordan vi underviser, vurderer og administrerer, og samtidig skape et engasjerende og dynamisk l\u00e6ringsmilj\u00f8 som ruster studentene for fremtiden. I sitt foredrag vil Morten Goodwin g\u00e5 i dybden p\u00e5 hvordan utdanningssektoren kan bruke KI som et verkt\u00f8y for virkelig forandring, til \u00e5 inspirere, utvikle og st\u00f8tte b\u00e5de studenter og ansatte i jakten p\u00e5 kunnskap og dypere forst\u00e5else.<\/p>\n\n\n\n<details class=\"wp-block-details has-text-color has-link-color wp-elements-ac26f52cc174f88742d988e0c7e15333 is-layout-flow wp-block-details-is-layout-flow\" style=\"color:#e63f69\"><summary>Bio innleggsholder <\/summary>\n<p class=\"has-black-color has-text-color has-link-color wp-elements-5f5f59a907f9673b640c6ff04be6a51e\">Morten Goodwin er professor i kunstig intelligens ved Universitetet i Agder. Han er medgr\u00fcnder og ledende forsker hos AI Experts, og nestleder ved Senter for kunstig intelligensforskning. Han er anerkjent som en av Norges fremste eksperter innen kunstig intelligens. Goodwin kombinerer roller som professor, l\u00e6rer, samfunnsdebattant, formidler, forfatter og CTO. Med 20 \u00e5rs akademisk erfaring, en doktorgrad og over 200 fagfellevurderte artikler, er han en dedikert forsker som fokuserer p\u00e5 dype nevrale nettverk. I 2023 mottok han NORA-prisen for sitt fremragende bidrag til AI-samfunnet, utdanning og formidling, og ble av Khrono listet blant de 300 mest publiserte forskerne i Norge.<\/p>\n\n\n\n<p class=\"has-black-color has-text-color has-link-color wp-elements-599ce6945d308e9e8221d75a4777805d\">Goodwin er involvert i en rekke omfattende forskningsprosjekter som dekker b\u00e5de grunnleggende og anvendt KI-forskning. Dette inkluderer arbeid innen sektorer som landbruk, akvakultur, kulturproduksjon, utdanning, helse, industrioptimalisering, naturlig spr\u00e5kbehandling og anbefalingsmotorer. Han er en entusiastisk formidler, og i egenskap av forfatter, debattant og offentlig foredragsholder, leverer han omtrent 100 popul\u00e6rvitenskapelige presentasjoner \u00e5rlig. Hans prim\u00e6re fokus er p\u00e5 potensialet AI har \u00e5 tilby og avmystifisering av hans forskningsomr\u00e5de.<\/p>\n<\/details>\n\n\n\n<p><\/p>\n\n\n\n<p style=\"font-size:17px\"><br><strong>Slik utdanner vi ansvarlige samfunnsborgere for fremtidens arbeidsliv<\/strong> <em>ved <strong>Adam Tzur<\/strong>, redakt\u00f8r i&nbsp;<a href=\"https:\/\/eur01.safelinks.protection.outlook.com\/?url=https%3A%2F%2Faiavisen.no%2F&amp;data=05%7C02%7Ckaroline.a.wik%40nord.no%7Cf4e547cc851e4cbd446b08dd01c725f5%7Cfed13d9f21df485d909a231f3c6d16f0%7C1%7C0%7C638668677029108842%7CUnknown%7CTWFpbGZsb3d8eyJFbXB0eU1hcGkiOnRydWUsIlYiOiIwLjAuMDAwMCIsIlAiOiJXaW4zMiIsIkFOIjoiTWFpbCIsIldUIjoyfQ%3D%3D%7C0%7C%7C%7C&amp;sdata=dq1eV3y9C%2BoVL%2BCZnNJoCNq9cdWPbJq97q0P8apvhr4%3D&amp;reserved=0\">AIavisen<\/a>&nbsp;og kommunikasjonsleder i SINTEF Manufacturing.<\/em><\/p>\n\n\n\n<p style=\"font-size:17px\">Kunstig intelligens endrer m\u00e5ten vi jobber, l\u00e6rer og samhandler p\u00e5. Det snakkes mye om digital og gr\u00f8nn omstilling, men n\u00e5 trenger vi sosial omstilling. Kritisk tenkning og digital kompetanse blir v\u00e5r tids viktigste ferdigheter.<\/p>\n\n\n\n<p>Innlegget dr\u00f8fter tre sp\u00f8rsm\u00e5l:<\/p>\n\n\n\n<ul class=\"wp-block-list\">\n<li>Hvordan trener vi studenter i kildekritikk, etikk og kritisk tenkning?<\/li>\n\n\n\n<li>Hvordan blir fremtidens arbeidsliv?<\/li>\n\n\n\n<li>Hvordan kan l\u00e6resteder og samskipnader sikre at digital dannelse integreres i utdanningen?<\/li>\n<\/ul>\n\n\n\n<details class=\"wp-block-details has-text-color has-link-color wp-elements-98831c7e77067f17868e4702e33f5e4d is-layout-flow wp-block-details-is-layout-flow\" style=\"color:#e63f69\"><summary>Bio innleggsholder<\/summary>\n<p class=\"has-black-color has-text-color has-link-color wp-elements-00b1096170d05e9ef3ed2f822f394025\">Adam Tzur er redakt\u00f8r i&nbsp;<a href=\"https:\/\/eur01.safelinks.protection.outlook.com\/?url=https%3A%2F%2Faiavisen.no%2F&amp;data=05%7C02%7Ckaroline.a.wik%40nord.no%7Cf4e547cc851e4cbd446b08dd01c725f5%7Cfed13d9f21df485d909a231f3c6d16f0%7C1%7C0%7C638668677029108842%7CUnknown%7CTWFpbGZsb3d8eyJFbXB0eU1hcGkiOnRydWUsIlYiOiIwLjAuMDAwMCIsIlAiOiJXaW4zMiIsIkFOIjoiTWFpbCIsIldUIjoyfQ%3D%3D%7C0%7C%7C%7C&amp;sdata=dq1eV3y9C%2BoVL%2BCZnNJoCNq9cdWPbJq97q0P8apvhr4%3D&amp;reserved=0\">AIavisen<\/a>&nbsp;og kommunikasjonsleder i SINTEF Manufacturing. Han har en master i kommunikasjon fra Universitetet i Agder, og gleder seg til \u00e5 bes\u00f8ke studiebyen sin igjen.<\/p>\n\n\n\n<p class=\"has-black-color has-text-color has-link-color wp-elements-ac7bb7fcceaa2bcca7f9c3170a266138\">Siden 2023 har han holdt kurs om kunstig intelligens for SINTEF, Arbeidstilsynet, Kommunikasjonsforeningen, samt en rekke kommuner og bedrifter.<\/p>\n<\/details>\n\n\n\n<p><\/p>\n\n\n\n<p class=\"has-medium-font-size\">Kl. 10.00: Pause<br><br>Kl. 10.15: <strong>Parallelle sesjoner 3<\/strong><\/p>\n\n\n\n<p class=\"has-text-color has-link-color wp-elements-a3110ef6ccca63d27a65c34db67f4b08\" style=\"color:#e63f69\">Sesjon 3.1<\/p>\n\n\n\n<p><strong>Bli bedre rustet til studiestart med spill. <\/strong><\/p>\n\n\n\n<p>Studenter f\u00e5r mye informasjon gjennom fadderuka og alle st\u00f8ttetjenestene er klare til \u00e5 ta dem imot. Likevel sliter de ofte med \u00e5 finne riktig hjelp n\u00e5r de trenger det. Kan spillbasert l\u00e6ring v\u00e6re et viktig supplement for \u00e5 bli bedre kjent med universitetet og hva det har \u00e5 tilby?<\/p>\n\n\n\n<details class=\"wp-block-details is-layout-flow wp-block-details-is-layout-flow\"><summary>Om sesjonen: <\/summary>\n<p>Rom: F1 023<br>Format: Workshop<br>Varighet: 60 minutter<\/p>\n\n\n\n<p>Ansvarlig: <\/p>\n\n\n\n<p>Lenka Garshol, f\u00f8rsteamanuensis i engelsk spr\u00e5k og didaktikk ved Universitet i Agder<br><br>Zahir Mohamed, tredje\u00e5rsstudent p\u00e5 akademisk e-sport ved Universitet i Agder og medutvikler i et av spillene.<\/p>\n<\/details>\n\n\n\n<p><\/p>\n\n\n\n<p class=\"has-text-color has-link-color wp-elements-3d54cb8facf47548f9e60786f880df83\" style=\"color:#e63f69\">Sesjon 3.2 <\/p>\n\n\n\n<p><strong>Dannelse p\u00e5 den digitale d\u00f8rmatta..?<\/strong><\/p>\n\n\n\n<p>Denne workshopen handler om deling av erfaringer fra nettbaserte og fleksible utdanninger, med utgangspunkt i konferansens overordnede tema: Hvordan kan vi balansere individets selvutvikling og fellesskapets behov for samspillet i utvikling og dannelse? Vi vil dele noen erfaringer fra et nettbasert studie i \u00f8konomi og administrasjon, og inviterer dere til \u00e5 dele erfaringer og praksiser for \u00e5 balansere dannelse og fleksibilitet i deres utdanninger.<\/p>\n\n\n\n<details class=\"wp-block-details is-layout-flow wp-block-details-is-layout-flow\"><summary>Om sesjonen: <\/summary>\n<p>Rom: F1 022<br>Format: Workshop<br>Varighet: 60 minutter<\/p>\n\n\n\n<p>Ansvarlig: <\/p>\n\n\n\n<p>J\u00f8rn Weines, f\u00f8rsteamanuensis ved Ressurssenter for undervisning, l\u00e6ring og teknologi, UiT Norges arktiske universitet.<\/p>\n<\/details>\n\n\n\n<p><\/p>\n\n\n\n<p class=\"has-text-color has-link-color wp-elements-ee62d8c6aec5d73dd9369cad72561d1e\" style=\"color:#e63f69\">Sesjon 3.3<\/p>\n\n\n\n<p><strong>Psykologisk trygghet i grupper &#8211; &laquo;Fra utrygghet til samspill&raquo;.<\/strong><\/p>\n\n\n\n<p>I en tid med \u00f8kt teknologi er balanse viktig: forelesere bidrar som rollemodeller for sosial kompetanse og analog kommunikasjon. Psykologisk trygghet fremmer l\u00e6ring og trivsel. Dette innlegget deler erfaringer og tips for \u00e5 skape inkluderende l\u00e6ringsmilj\u00f8er der studenter f\u00f8ler seg sett, h\u00f8rt og utvikler samspillsferdigheter.<\/p>\n\n\n\n<p><strong>Kulturell b\u00e6rekraft og fremtidsrettet dannelse i USN-s signaturemnet &laquo;Innovasjon i team&raquo;. <\/strong><\/p>\n\n\n\n<p>Innlegget presenterer nyskapende undervisningsmetoder innenfor det tverrfaglige studieemnet Innovasjon i team, hvor studenter samarbeider for \u00e5 l\u00f8se b\u00e6rekraftsutfordringer i lokale virksomheter. P\u00e5 konferansen inviterer foreleserne, som bidragsytere, til diskusjon om hvordan universitetsl\u00e6rere kan fremme en b\u00e6rekraftig utdanningskultur. M\u00e5let er \u00e5 skape et l\u00e6ringsmilj\u00f8 hvor respekt for ulike synspunkter og omsorg for mer-enn-menneskelige perspektiver integreres naturlig i utdanningen.<\/p>\n\n\n\n<details class=\"wp-block-details is-layout-flow wp-block-details-is-layout-flow\"><summary>Om sesjonen: <\/summary>\n<p>Rom: B1 007<br>Format: presentasjon<br>Varighet: 2 x 30 minutter (to forskjellige innlegg p\u00e5 denne sesjonen).<\/p>\n\n\n\n<p>Innledere: <\/p>\n\n\n\n<p><strong>Psykologisk trygghet i grupper &#8211; &laquo;Fra utrygghet til samspill&raquo;.<\/strong><\/p>\n\n\n\n<p>Carina Johansson Nyvoll, H\u00f8yskolelektor og studieprogramleder for bachelor i ledelse og servicestrategi ved H\u00f8yskolen Kristiania<\/p>\n\n\n\n<p><strong>Kulturell b\u00e6rekraft og fremtidsrettet dannelse i USN-s signaturemnet &laquo;Innovasjon i team&raquo;. <\/strong><\/p>\n\n\n\n<p>Biljana C. Fredriksen, professor i kunst og h\u00e5ndverk ved Fakultet for Humaniora, idrett, og utdanningsvitenskap ved Universitetet i S\u00f8r\u00f8st-Norge.<br>Kristin Bentsen, f\u00f8rsteamanuensis i innovasjon og entrepren\u00f8rskap ved Handelsh\u00f8yskolen, Universitetet i S\u00f8r\u00f8st-Norge.<\/p>\n<\/details>\n\n\n\n<p><\/p>\n\n\n\n<p class=\"has-medium-font-size\">Kl. 11.15: Pause<\/p>\n\n\n\n<p class=\"has-medium-font-size\">Kl. 11.30: <strong>Parallelle sesjoner 4<\/strong><\/p>\n\n\n\n<p class=\"has-text-color has-link-color wp-elements-d7c22cad37c4cc0ec1a7d43f75523839\" style=\"color:#e63f69\">Sesjon 4.1<\/p>\n\n\n\n<p><strong>Personlig utvikling og samspill gjennom ThiGro\u00ae: Et digitalt refleksjonsspill.<\/strong><\/p>\n\n\n\n<p>Utforsk hvordan spill i spillportalen ThiGro\u00ae fremmer refleksjon, inkludering, dannelse og probleml\u00f8sning. Spillene styrker studentenes karrierekompetanse, dette bidrar til at studentene mestrer studentlivet bedre og blir forberedt til arbeidslivet. P\u00e5 workshopen f\u00e5r dere spille spill fra spillportalen og h\u00f8re om funn fra forskingen knyttet til \u2013 ny student spillet, som var det f\u00f8rste spillet som ble utviklet i spillportalen. (Ta med PC). <\/p>\n\n\n\n<details class=\"wp-block-details is-layout-flow wp-block-details-is-layout-flow\"><summary>Om sesjonen: <\/summary>\n<p>Rom: F1 023<br>Format: Workshop<br>Varighet: 60 minutter<\/p>\n\n\n\n<p>Ansvarlig: <\/p>\n\n\n\n<p>Sonja Susnic, Universitetslektor og ansvarlig for etter- og videreutdanning i karrierel\u00e6ring og karriereveiledning p\u00e5 OsloMet.<br><br><\/p>\n<\/details>\n\n\n\n<p class=\"has-text-color has-link-color wp-elements-e8c2028e3e1bccd8d0d661020bb8c8d8\" style=\"color:#e63f69\"><\/p>\n\n\n\n<p><\/p>\n\n\n\n<p class=\"has-text-color has-link-color wp-elements-34bed5d0f66fbf4632d51c43231356a4\" style=\"color:#e63f69\">Sesjon 4.2<\/p>\n\n\n\n<p><strong>Samarbeid og studentmedvirkning for digital omstilling.<\/strong><\/p>\n\n\n\n<p>Digitalisering i UH-sektoren skjer raskt, men krever oppl\u00e6ring for \u00e5 v\u00e6re effektiv. Digital dannelse forutsetter kompetansep\u00e5fyll for studenter og ansatte. Vi presenterer verkt\u00f8y for studentmedvirkning og utforsker hva digitalisering betyr for l\u00e6ringsmilj\u00f8et, hvordan det p\u00e5virker, og hvordan studenter og ansatte kan m\u00f8te utfordringer og muligheter sammen. &nbsp;<\/p>\n\n\n\n<details class=\"wp-block-details is-layout-flow wp-block-details-is-layout-flow\"><summary>Om sesjonen: <\/summary>\n<p>Rom: B1 007<br>Format: presentasjon<br>Varighet: 60 minutter<\/p>\n\n\n\n<p>Ansvarlige: <\/p>\n\n\n\n<p>Maiken K\u00f8ien Andersen, fag- og l\u00e6ringsmilj\u00f8politisk ansvarlig i NSO. Magnus Ellefsen Moen, student og leder for Studentorganisasjonen i Agder (STA). Hilde Inntjore, viserektor for utdanning p\u00e5 Universitetet i Agder.<\/p>\n<\/details>\n\n\n\n<p><\/p>\n\n\n\n<p class=\"has-text-color has-link-color wp-elements-65850e514e4c165b8794f6ecf6611d61\" style=\"color:#e63f69\">Sesjon 4.3<\/p>\n\n\n\n<p><strong>Kritisk KI-kompetanse i l\u00e6rerutdanning og videreutdanning.<\/strong><\/p>\n\n\n\n<p>KI spiller en \u00f8kende rolle i utdanning, og ansvarlig bruk er avgj\u00f8rende. L\u00e6rere har en n\u00f8kkelrolle i teknologisk dannelse, s\u00e6rlig i kritisk bruk av KI. Innlegget presenterer erfaringer fra AI-Edu-prosjektet, som utviklet undervisningstilbud om generative spr\u00e5kmodeller for l\u00e6rerstudenter og videreutdannede l\u00e6rere gjennom moduler og kurs.<\/p>\n\n\n\n<p><strong>Studentsamskipnaden: En n\u00f8kkelakt\u00f8r i \u201cstudenters dannelse og vekst i selfie og samspill\u201d.<\/strong><\/p>\n\n\n\n<p>Med mottoet \u00ablivet rundt studiene\u00bb legger Studentsamskipnaden i Agder til rette for trygghet og trivsel i livet som student, og st\u00f8tter studentene der de er. Vi vil vise hvordan ulike satsingsomr\u00e5der hos oss: kommunikasjon p\u00e5 sosiale medier, Studentliv, studenthelse og b\u00e6rekraftinitiativet &laquo;Litt&raquo; bidrar til \u00e5 danne studenter i sin utdannelse.<\/p>\n\n\n\n<p><strong>Red Flag: En holdningskampanje mot seksuell trakassering blant studenter.<\/strong><\/p>\n\n\n\n<p>Red Flag-kampanjen \u00f8ker studenters bevissthet om ansvar i relasjoner, fremmer empati og bekjemper seksuell trakassering. Den bygger et trygt l\u00e6ringsmilj\u00f8 med nulltoleranse for trakassering. Presentasjonen dekker kampanjens bakgrunn, aktiviteter, respons og fremtidige planer, med fokus p\u00e5 respekt og ansvar i studenters hverdag fra f\u00f8rste dag.<\/p>\n\n\n\n<details class=\"wp-block-details is-layout-flow wp-block-details-is-layout-flow\"><summary>Om sesjonen: <\/summary>\n<p>Rom: F1 022<br>Format: Show-and-tell <br>Varighet: 60 minutter totalt<\/p>\n\n\n\n<p>Ansvarlig: <\/p>\n\n\n\n<p><strong>Kritisk KI-kompetanse i l\u00e6rerutdanning og videreutdanning.<\/strong><\/p>\n\n\n\n<p>Christina Lentz, lektor i medie- og dokumentasjonsvitenskap ved Institutt for Spr\u00e5k og Kultur, UiT.<\/p>\n\n\n\n<p><strong>Studentsamskipnaden: En n\u00f8kkelakt\u00f8r i \u201cstudenters dannelse og vekst i selfie og samspill\u201d.<\/strong><\/p>\n\n\n\n<p>Ingvild Gulla, SoMe-koordinator i SiA<br>Benedicte Nordlie, Studentlivskoordinator i SiA<br>Jahn Olav Marum, leder for SiA Studentliv.<\/p>\n\n\n\n<p><strong>Red Flag: En holdningskampanje mot seksuell trakassering blant studenter.<\/strong><\/p>\n\n\n\n<p>Gro H. Gundersen, prosjektleder og studiestartansvarlig ved Universitetet i Agder.<\/p>\n<\/details>\n\n\n\n<p><\/p>\n\n\n\n<p class=\"has-medium-font-size\">Kl. 12.30: Pause<br><br>Kl. 12.40: Avslutning av konferansen<br><br>Kl. 13.00: Lunsj<\/p>\n\n\n\n<hr class=\"wp-block-separator has-alpha-channel-opacity\" \/>\n\n\n\n<p class=\"has-medium-font-size\">Kompetansenettverk for studenters suksess inviterer ansatte og studenter i utdanningssektoren til \u00e5 dele sine erfaringer om dannelse i utdanning. Dannelse er et bredt felt, og vi har derfor utarbeidet en oversikt over ulike perspektiver p\u00e5 dannelse i studentenes l\u00e6ringsmilj\u00f8, som inspirasjon.<\/p>\n\n\n\n<div class=\"wp-block-columns is-layout-flex wp-container-core-columns-is-layout-28f84493 wp-block-columns-is-layout-flex\">\n<div class=\"wp-block-column is-layout-flow wp-block-column-is-layout-flow\" style=\"flex-basis:100%\">\n<ul style=\"background-color:#fff3f3\" class=\"wp-block-list has-background\">\n<li><strong>Dannelse i det psykososiale l\u00e6ringsmilj\u00f8et<\/strong>&nbsp;\n<ul class=\"wp-block-list\">\n<li>Psykososial og helsefremmende st\u00f8tte ved \u00e5 tilby tjenester som fremmer studentenes mentale helse, trivsel og emosjonelle utvikling. Dette kan inkludere r\u00e5dgivningstjenester, lavterskeltilbud for psykisk helse, og sosiale aktiviteter som bygger fellesskap og st\u00f8tter studentenes velv\u00e6re.&nbsp;<\/li>\n\n\n\n<li>Inkluderende fellesskap og sosial tilh\u00f8righet ved \u00e5 skape sosiale milj\u00f8er og m\u00f8teplasser som fremmer inkludering, st\u00f8tte og tilh\u00f8righet blant studentene. Dette kan inkludere tilbud av aktiviteter, arrangementer og fysiske rom som styrker studentenes sosiale nettverk og oppmuntrer til positiv samhandling og fellesskapsf\u00f8lelse.&nbsp;<\/li>\n<\/ul>\n<\/li>\n\n\n\n<li><strong>Dannelse i det pedagogiske l\u00e6ringsmilj\u00f8et<\/strong>&nbsp;\n<ul class=\"wp-block-list\">\n<li>Selvstendig tenking og kritisk refleksjon gjennom undervisningsmetoder som styrker studentenes evne til \u00e5 tenke kritisk og selvstendig, gjennom diskusjoner, casestudier og refleksjonsoppgaver. Dette gir studentene verkt\u00f8y til \u00e5 analysere komplekse problemstillinger og utfordre etablerte sannheter.&nbsp;<\/li>\n\n\n\n<li>Entrepren\u00f8riell dannelse ved \u00e5 fremme innovasjon og kreativitet i utdanningene, gjerne i samarbeid med tverrfaglige milj\u00f8er og offentlig- og privat sektor. Ved \u00e5 gi studentene reelle utfordringer og muligheten til \u00e5 utvikle egne ideer, legges grunnlaget for \u00e5 tenke nyskapende og ta initiativ til utvikling. &nbsp;<\/li>\n<\/ul>\n<\/li>\n\n\n\n<li><strong>Dannelse i det digitale l\u00e6ringsmilj\u00f8et<\/strong>&nbsp;\n<ul class=\"wp-block-list\">\n<li>Digital dannelse og kompetanse p\u00e5 kunstig intelligens ved \u00e5 utvikle ferdigheter i digital etikk, kritisk vurdering og ansvarlig bruk av teknologi, inkludert forst\u00e5else av personvern, datasikkerhet og algoritmisk skjevhet. Dette gir studentene evnen til \u00e5 navigere det digitale landskapet p\u00e5 en bevisst m\u00e5te, og forst\u00e5 hvordan teknologiske valg p\u00e5virker b\u00e5de dem selv og samfunnet.&nbsp;<\/li>\n\n\n\n<li>Kommunikasjon og interaksjon i det digitale rommet for \u00e5 styrke evnen til respektfull kommunikasjon og samarbeid i digitale plattformer, med fokus p\u00e5 nettetikette og konstruktiv deltakelse i digitale diskusjoner. \u00c5 mestre digital samhandling gir studentene n\u00f8dvendige verkt\u00f8y for \u00e5 bygge relasjoner og felleskap i en stadig mer digitalisert verden.&nbsp;<\/li>\n<\/ul>\n<\/li>\n\n\n\n<li><strong>Dannelse i det fysiske l\u00e6ringsmilj\u00f8et<\/strong>&nbsp;\n<ul class=\"wp-block-list\">\n<li>Helsefremmende dannelse ved \u00e5 skape fysiske omgivelser som st\u00f8tter studentenes helse, med fokus p\u00e5 aktivitet, tilgjengelighet og sunne mattilbud. Dette skaper et l\u00e6ringsmilj\u00f8 som prioriterer studentenes velv\u00e6re, noe som kan forbedre b\u00e5de konsentrasjon, l\u00e6ring og livskvalitet, og fremme en aktiv livsstil som integreres i hverdagen p\u00e5 campus.&nbsp;<\/li>\n\n\n\n<li>Kollektiv og kulturell dannelse ved \u00e5 utforme rom som fremmer fellesskap og interkulturell forst\u00e5else gjennom samarbeid, dialog og kulturelle aktiviteter. \u00c5 legge til rette for felles m\u00f8teplasser skaper ikke bare en inkluderende campuskultur, men styrker ogs\u00e5 studentenes evne til \u00e5 navigere og verdsette mangfold i b\u00e5de studie- og arbeidsliv.&nbsp;<\/li>\n<\/ul>\n<\/li>\n\n\n\n<li><strong>Dannelse i det organisatoriske l\u00e6ringsmilj\u00f8et<\/strong>&nbsp;\n<ul class=\"wp-block-list\">\n<li>Studentorganisasjoner og sosialt fellesskap som en arenaer for samspill, samskaping, og sosialt engasjement. Dette gir studentene en praktisk l\u00e6ringsplattform hvor de kan utvikle ansvars og lederferdigheter og forst\u00e5 viktigheten av fellesskap i b\u00e5de studier og samfunnsliv.&nbsp;<\/li>\n\n\n\n<li>Studieprogrammer og l\u00e6ringsutbytter som integrere b\u00e6rekraftig utvikling og samfunnsansvar for \u00e5 styrke studentenes forst\u00e5else av egen rolle i samfunnet. Dette kan gi studentene innsikt i hvordan deres faglige kunnskap kan brukes til \u00e5 l\u00f8se reelle samfunnsutfordringer og bidra til en b\u00e6rekraftig fremtid.&nbsp;<\/li>\n<\/ul>\n<\/li>\n<\/ul>\n<\/div>\n<\/div>\n\n\n\n<p class=\"has-text-align-center\"><strong>Frist for innsending av bidrag var 31. oktober 2024.<\/strong><\/p>\n\n\n\n<p>Skal du bidra p\u00e5 konferansens parallelle sesjoner kan du finne <a href=\"https:\/\/site.nord.no\/studenterssuksess\/veiledning-til-deg-som-vil-holde-innlegg-pa-arskonferansen-2024\/\">en veiledning for deg som skal bidra her. <\/a><\/p>\n\n\n\n<h2 class=\"wp-block-heading has-text-color has-link-color wp-elements-5a5011cc2a3065c6788baf18ca1a22b0\" style=\"color:#e63f69\">Praktisk informasjon: <\/h2>\n\n\n\n<p><strong>Finn fram p\u00e5 konferansen: <\/strong><\/p>\n\n\n\n<p>Konferansen holder i hovedsak til i bygg <strong>B<\/strong>, som vist p\u00e5 kartet nedenfor:<\/p>\n\n\n\n<figure class=\"wp-block-image size-full\"><img decoding=\"async\" width=\"1040\" height=\"478\" src=\"https:\/\/site.nord.no\/studenterssuksess\/wp-content\/uploads\/sites\/36\/2024\/09\/image-1.png\" alt=\"\" class=\"wp-image-9147\" \/><\/figure>\n\n\n\n<p>Registreringen til konferansen foreg\u00e5r i \u00abvrimleomr\u00e5det\u00bb i B-bygget ved UiA. Her finner du ogs\u00e5 auditoriet for plenumssesjonene, rom B1 018.<\/p>\n\n\n\n<figure class=\"wp-block-image size-full\"><img decoding=\"async\" width=\"1068\" height=\"622\" src=\"https:\/\/site.nord.no\/studenterssuksess\/wp-content\/uploads\/sites\/36\/2024\/09\/image-2.png\" alt=\"\" class=\"wp-image-9148\" \/><\/figure>\n\n\n\n<p>Her er en oversikt over hvor rommene til de ulike parallelle sesjonene ligger. Bygget er ogs\u00e5 merket med skilt for enklere navigasjon. Hvis du likevel har problemer med \u00e5 finne fram, er du velkommen til \u00e5 kontakte registreringspersonalet for hjelp.<\/p>\n\n\n\n<figure class=\"wp-block-image size-full\"><img loading=\"lazy\" decoding=\"async\" width=\"1188\" height=\"917\" src=\"https:\/\/site.nord.no\/studenterssuksess\/wp-content\/uploads\/sites\/36\/2024\/09\/image-3.png\" alt=\"\" class=\"wp-image-9149\" \/><\/figure>\n\n\n\n<p class=\"has-medium-font-size\"><strong>Konferanseavgift:<\/strong> Det er gratis for ansatte og studenter fra Nettverkets eiende organisasjoner \u00e5 delta p\u00e5 \u00e5rskonferansen. Dette inkluderer lunsj begge seminardager. Hvis du er student eller ansatt fra en ikke-eiende organisasjon p\u00e5l\u00f8per det en konferanseavgift p\u00e5 kr 1995,-. <\/p>\n\n\n\n<p class=\"has-medium-font-size\"><strong>Sted: <\/strong>Konferansen vil avholdes p\u00e5 <a href=\"https:\/\/www.uia.no\/\">Universitetet i Agder &#8211; UiA<\/a> Campus Kristiansand, Universitetsveien 25. Universitetet ligger litt utenfor sentrum, men med gode kollektivforbindelser.<\/p>\n\n\n\n<p class=\"has-medium-font-size\"><strong>Hotell: <\/strong>Det ligger ikke hotell i n\u00e6rhet av campus, s\u00e5 vi anbefaler deltagere \u00e5 booke hotell i sentrum av Kristiansand. Her er et utvalg av hoteller som kan bookes:<\/p>\n\n\n\n<p><a href=\"https:\/\/www.scandichotels.com\/hotels\/norway\/kristiansand\/scandic-kristiansand-bystranda\">Scandic Kristiansand Bystranda<\/a><\/p>\n\n\n\n<p><a href=\"https:\/\/www.radissonhotels.com\/en-us\/hotels\/radisson-blu-kristiansand-caledonien\">Radisson Blu Hotel, Kristiansand <\/a><\/p>\n\n\n\n<p><a href=\"https:\/\/www.strawberry.no\/hotell\/norge\/kristiansand\/clarion-hotel-ernst\/?checkin=20240926&amp;checkout=20240927&amp;adults=2&amp;rooms=1&amp;utm_source=googlehpa&amp;utm_medium=cpc&amp;utm_content=NO039_localuniversal_NO_1_desktop_2024-09-26_default_12374074680__paid&amp;gad_source=1&amp;epslanguage=no\">Clarion Hotel Ernst <\/a><\/p>\n\n\n\n<p><a href=\"https:\/\/www.strawberry.no\/hotell\/norge\/kristiansand\/comfort-hotel-kristiansand\/?checkin=20240926&amp;checkout=20240927&amp;adults=2&amp;rooms=1&amp;utm_source=googlehpa&amp;utm_medium=cpc&amp;utm_content=NO068_localuniversal_NO_1_desktop_2024-09-26_default_12374074680__paid&amp;gad_source=1&amp;epslanguage=no\">Comfort Hotel Kristiansand<\/a><\/p>\n\n\n\n<p><a href=\"https:\/\/cityboxhotels.com\/hotels\/kristiansand\/citybox-kristiansand-lite?utm_source=googlebusiness&amp;utm_medium=referral&amp;utm_campaign=krs\">Citybox Kristiansand <\/a><\/p>\n\n\n\n<p><a href=\"https:\/\/www.thonhotels.no\/hoteller\/norge\/kristiansand\/hotel-kristiansand\/?utm_source=google&amp;utm_medium=infoboks&amp;utm_campaign=GMB\">Thon Partner Hotel Kristiansand <\/a><\/p>\n\n\n\n<p><\/p>\n","protected":false},"excerpt":{"rendered":"<p>Fra selfie til samspill &#8211; dannelse i utdanning&nbsp; 4-5. desember 2024 ved Universitetet i Agder, Kristiansand Utdanning handler om mer enn pensum og eksamen; det handler om \u00e5 forme hele [&hellip;]<\/p>\n","protected":false},"author":73,"featured_media":0,"comment_status":"closed","ping_status":"open","sticky":false,"template":"","format":"standard","meta":{"footnotes":""},"categories":[1],"tags":[],"coauthors":[8],"class_list":["post-8874","post","type-post","status-publish","format-standard","hentry","category-innlegg"],"_links":{"self":[{"href":"https:\/\/site.nord.no\/studenterssuksess\/wp-json\/wp\/v2\/posts\/8874","targetHints":{"allow":["GET"]}}],"collection":[{"href":"https:\/\/site.nord.no\/studenterssuksess\/wp-json\/wp\/v2\/posts"}],"about":[{"href":"https:\/\/site.nord.no\/studenterssuksess\/wp-json\/wp\/v2\/types\/post"}],"author":[{"embeddable":true,"href":"https:\/\/site.nord.no\/studenterssuksess\/wp-json\/wp\/v2\/users\/73"}],"replies":[{"embeddable":true,"href":"https:\/\/site.nord.no\/studenterssuksess\/wp-json\/wp\/v2\/comments?post=8874"}],"version-history":[{"count":147,"href":"https:\/\/site.nord.no\/studenterssuksess\/wp-json\/wp\/v2\/posts\/8874\/revisions"}],"predecessor-version":[{"id":9150,"href":"https:\/\/site.nord.no\/studenterssuksess\/wp-json\/wp\/v2\/posts\/8874\/revisions\/9150"}],"wp:attachment":[{"href":"https:\/\/site.nord.no\/studenterssuksess\/wp-json\/wp\/v2\/media?parent=8874"}],"wp:term":[{"taxonomy":"category","embeddable":true,"href":"https:\/\/site.nord.no\/studenterssuksess\/wp-json\/wp\/v2\/categories?post=8874"},{"taxonomy":"post_tag","embeddable":true,"href":"https:\/\/site.nord.no\/studenterssuksess\/wp-json\/wp\/v2\/tags?post=8874"},{"taxonomy":"author","embeddable":true,"href":"https:\/\/site.nord.no\/studenterssuksess\/wp-json\/wp\/v2\/coauthors?post=8874"}],"curies":[{"name":"wp","href":"https:\/\/api.w.org\/{rel}","templated":true}]}}