{"id":3560,"date":"2024-05-27T16:13:25","date_gmt":"2024-05-27T14:13:25","guid":{"rendered":"https:\/\/site.nord.no\/studorg\/?p=3560"},"modified":"2024-06-11T12:48:25","modified_gmt":"2024-06-11T10:48:25","slug":"suppleringsvalg","status":"publish","type":"post","link":"https:\/\/site.nord.no\/studorg\/ukategorisert\/suppleringsvalg\/","title":{"rendered":"Suppleringsvalg!"},"content":{"rendered":"\n<p>Vi har ledige verv! S\u00f8k innen 14. juni og bli med \u00e5 gj\u00f8re en forskjell.<\/p>\n\n\n\n<p>S\u00f8knadsskjema finner du <a href=\"https:\/\/docs.google.com\/forms\/d\/e\/1FAIpQLSfMJJKkJCM4Mom86TInmcdEN9jhCv0SDKqvTUVXFWmP6kzaow\/viewform?usp=sf_link\" data-type=\"link\" data-id=\"https:\/\/docs.google.com\/forms\/d\/e\/1FAIpQLSfMJJKkJCM4Mom86TInmcdEN9jhCv0SDKqvTUVXFWmP6kzaow\/viewform?usp=sf_link\">her<\/a>.<\/p>\n\n\n\n<p>F\u00f8lgende verv er ledige:<\/p>\n\n\n\n<p><strong>Kvinnelig vara i Universitetsstyret<\/strong>. Universitetsstyret er det \u00f8verste styringsorganet ved universitetet. Styret har ansvar for at virksomheten holder h\u00f8y faglig kvalitet, og at universitetet blir drevet effektivt og i samsvar med gjeldende lover, forskrifter og regelverk. Styret legger strategi, m\u00e5l og resultatkrav for virksomheten, og skal og p\u00e5se at driften er i tr\u00e5d med dette. Styret er ogs\u00e5 ansvarlig for disponering av de \u00f8konomiske ressursene og for kontroll og rapportering<\/p>\n\n\n\n<p><strong>Medlem og varamedlem til Styret i Studentinord<\/strong>. Styret i Studentinords hovedoppgaver er \u00e5 f\u00f8re tilsyn med den daglige driften, og s\u00f8rge for at bedriften har en forsvarlig organisering. Studentinord jobber med studenthelse, studentboliger, kantine og andre velferdstilbud for studentene. Det er ogs\u00e5 styret som vedtar samskipnadens budsjett og regnskap.<\/p>\n\n\n\n<p><strong>Vara til Likestilling-, mangfold og inkluderingsutvalget<\/strong>. Dette er et r\u00e5dgivende organ for universitetets ledelse i alle saker som ang\u00e5r likestilling, mangfold og inkludering. Utvalget skal v\u00e6re en ressurs for \u00e5 fremme arbeidet med likestilling, mangfold og integrering p\u00e5 en god og helhetlig m\u00e5te i institusjonen.<\/p>\n","protected":false},"excerpt":{"rendered":"<p>Vi har ledige verv! S\u00f8k innen 10. juni og bli med \u00e5 gj\u00f8re en forskjell.<\/p>\n","protected":false},"author":102,"featured_media":3214,"comment_status":"closed","ping_status":"open","sticky":false,"template":"","format":"standard","meta":{"footnotes":""},"categories":[7,1],"tags":[],"coauthors":[19],"class_list":["post-3560","post","type-post","status-publish","format-standard","has-post-thumbnail","hentry","category-son","category-ukategorisert"],"_links":{"self":[{"href":"https:\/\/site.nord.no\/studorg\/wp-json\/wp\/v2\/posts\/3560","targetHints":{"allow":["GET"]}}],"collection":[{"href":"https:\/\/site.nord.no\/studorg\/wp-json\/wp\/v2\/posts"}],"about":[{"href":"https:\/\/site.nord.no\/studorg\/wp-json\/wp\/v2\/types\/post"}],"author":[{"embeddable":true,"href":"https:\/\/site.nord.no\/studorg\/wp-json\/wp\/v2\/users\/102"}],"replies":[{"embeddable":true,"href":"https:\/\/site.nord.no\/studorg\/wp-json\/wp\/v2\/comments?post=3560"}],"version-history":[{"count":3,"href":"https:\/\/site.nord.no\/studorg\/wp-json\/wp\/v2\/posts\/3560\/revisions"}],"predecessor-version":[{"id":3572,"href":"https:\/\/site.nord.no\/studorg\/wp-json\/wp\/v2\/posts\/3560\/revisions\/3572"}],"wp:featuredmedia":[{"embeddable":true,"href":"https:\/\/site.nord.no\/studorg\/wp-json\/wp\/v2\/media\/3214"}],"wp:attachment":[{"href":"https:\/\/site.nord.no\/studorg\/wp-json\/wp\/v2\/media?parent=3560"}],"wp:term":[{"taxonomy":"category","embeddable":true,"href":"https:\/\/site.nord.no\/studorg\/wp-json\/wp\/v2\/categories?post=3560"},{"taxonomy":"post_tag","embeddable":true,"href":"https:\/\/site.nord.no\/studorg\/wp-json\/wp\/v2\/tags?post=3560"},{"taxonomy":"author","embeddable":true,"href":"https:\/\/site.nord.no\/studorg\/wp-json\/wp\/v2\/coauthors?post=3560"}],"curies":[{"name":"wp","href":"https:\/\/api.w.org\/{rel}","templated":true}]}}