{"id":643,"date":"2023-12-11T13:00:57","date_gmt":"2023-12-11T12:00:57","guid":{"rendered":"https:\/\/site.nord.no\/words-and-violence\/?p=643"},"modified":"2023-12-11T13:45:16","modified_gmt":"2023-12-11T12:45:16","slug":"visning-av-filmenweimar-express","status":"publish","type":"post","link":"https:\/\/site.nord.no\/words-and-violence\/visning-av-filmenweimar-express\/","title":{"rendered":"Visning av filmen Weimar Express\u00a0"},"content":{"rendered":"\n<p><strong>Tirsdag kl 18, den 4 juni 2024. Stormen bibliotek, Litteratursalen.<\/strong><\/p>\n\n\n\n<p>Visning av filmen<strong> <\/strong><em>Weimar Express&nbsp;<\/em>(Bulgaria 2023 1h 15 min), En dokumentar om Joseph Goebbels&#8217; Europ\u00e4ische Schriftstellervereinigung (European Writer&#8217;s Union) og tre forfattere som st\u00f8ttet den nye kulturelle ordenen i Nazi-Tyskland, &nbsp;Fani&nbsp;Popova-Mutafova, Robert Brasillach and Knut Hamsun.&nbsp;&nbsp;<\/p>\n\n\n\n<p>Etterp\u00e5 blir det samtale om litteratur, frihet og ansvar med regiss\u00f8r Milena Fuchedjieva og tre av forskerne som opptrer i filmen: Tore Rem, Alvhild Dvergsdal og Gis\u00e8le Sapiro.<\/p>\n\n\n\n<p>Diskusjonen ledes av Kjetil Ansgar Jakobsen.&nbsp;<\/p>\n\n\n\n<figure class=\"wp-block-embed is-type-wp-embed is-provider-2023 wp-block-embed-2023\"><div class=\"wp-block-embed__wrapper\">\n<blockquote class=\"wp-embedded-content\" data-secret=\"PCEHd2WkT1\"><a href=\"https:\/\/zlatenriton.bg\/en\/film\/weimar-express\/\">WEIMAR EXPRESS<\/a><\/blockquote><iframe class=\"wp-embedded-content\" sandbox=\"allow-scripts\" security=\"restricted\" style=\"position: absolute; clip: rect(1px, 1px, 1px, 1px);\" title=\"&#8220;WEIMAR EXPRESS&#8221; &#8212; \u0417\u041b\u0410\u0422\u0415\u041d \u0420\u0418\u0422\u041e\u041d 2023\" src=\"https:\/\/zlatenriton.bg\/en\/film\/weimar-express\/embed\/#?secret=KcVh8vtlPR#?secret=PCEHd2WkT1\" data-secret=\"PCEHd2WkT1\" width=\"600\" height=\"338\" frameborder=\"0\" marginwidth=\"0\" marginheight=\"0\" scrolling=\"no\"><\/iframe>\n<\/div><\/figure>\n","protected":false},"excerpt":{"rendered":"<p>Tirsdag kl 18, den 4 juni 2024. Stormen bibliotek, Litteratursalen. Visning av filmen Weimar Express&nbsp;(Bulgaria 2023 1h 15 min), En dokumentar om Joseph Goebbels&#8217; Europ\u00e4ische Schriftstellervereinigung (European Writer&#8217;s Union) og tre forfattere som st\u00f8ttet den nye kulturelle ordenen i Nazi-Tyskland, &nbsp;Fani&nbsp;Popova-Mutafova, Robert Brasillach and Knut Hamsun.&nbsp;&nbsp; Etterp\u00e5 blir det samtale om litteratur, frihet og ansvar [&hellip;]<\/p>\n","protected":false},"author":111,"featured_media":0,"comment_status":"closed","ping_status":"open","sticky":false,"template":"","format":"standard","meta":{"footnotes":""},"categories":[14],"tags":[],"coauthors":[10],"class_list":["post-643","post","type-post","status-publish","format-standard","hentry","category-events"],"_links":{"self":[{"href":"https:\/\/site.nord.no\/words-and-violence\/wp-json\/wp\/v2\/posts\/643","targetHints":{"allow":["GET"]}}],"collection":[{"href":"https:\/\/site.nord.no\/words-and-violence\/wp-json\/wp\/v2\/posts"}],"about":[{"href":"https:\/\/site.nord.no\/words-and-violence\/wp-json\/wp\/v2\/types\/post"}],"author":[{"embeddable":true,"href":"https:\/\/site.nord.no\/words-and-violence\/wp-json\/wp\/v2\/users\/111"}],"replies":[{"embeddable":true,"href":"https:\/\/site.nord.no\/words-and-violence\/wp-json\/wp\/v2\/comments?post=643"}],"version-history":[{"count":2,"href":"https:\/\/site.nord.no\/words-and-violence\/wp-json\/wp\/v2\/posts\/643\/revisions"}],"predecessor-version":[{"id":647,"href":"https:\/\/site.nord.no\/words-and-violence\/wp-json\/wp\/v2\/posts\/643\/revisions\/647"}],"wp:attachment":[{"href":"https:\/\/site.nord.no\/words-and-violence\/wp-json\/wp\/v2\/media?parent=643"}],"wp:term":[{"taxonomy":"category","embeddable":true,"href":"https:\/\/site.nord.no\/words-and-violence\/wp-json\/wp\/v2\/categories?post=643"},{"taxonomy":"post_tag","embeddable":true,"href":"https:\/\/site.nord.no\/words-and-violence\/wp-json\/wp\/v2\/tags?post=643"},{"taxonomy":"author","embeddable":true,"href":"https:\/\/site.nord.no\/words-and-violence\/wp-json\/wp\/v2\/coauthors?post=643"}],"curies":[{"name":"wp","href":"https:\/\/api.w.org\/{rel}","templated":true}]}}